{"id":6304,"date":"2026-04-20T18:38:31","date_gmt":"2026-04-20T16:38:31","guid":{"rendered":"http:\/\/grundschule-am-papenberg.de\/?p=6304"},"modified":"2026-04-20T18:38:31","modified_gmt":"2026-04-20T16:38:31","slug":"ein-musikalisches-erlebnis-mit-dem-baltic-sea-philharmonic","status":"publish","type":"post","link":"http:\/\/grundschule-am-papenberg.de\/?p=6304","title":{"rendered":"Ein musikalisches Erlebnis mit dem Baltic Sea Philharmonic"},"content":{"rendered":"\n<p data-start=\"84\" data-end=\"278\">Am 16.04.2026 acht Musikerinnen und Musiker des Baltic Sea Philharmonic besuchten unsere Schule und gestalteten ein besonderes Konzerterlebnis f\u00fcr die Grundsch\u00fclerinnen und Grundsch\u00fcler der Klassen 2 bis 3.<\/p>\n<p data-start=\"280\" data-end=\"551\">In einem abwechslungsreichen, etwa 30-min\u00fctigen Programm erklangen Werke von Tschaikowski, bekannte Filmmusik sowie moderne Popst\u00fccke. Eine kindgerechte Moderation f\u00fchrte durch das Programm, stellte die Instrumente vor und lud die Kinder immer wieder zum Mitmachen ein.<\/p>\n<p data-start=\"280\" data-end=\"551\"><img loading=\"lazy\" decoding=\"async\" class=\"aligncenter size-full wp-image-6302\" src=\"http:\/\/grundschule-am-papenberg.de\/wordpress\/wp-content\/uploads\/2026\/04\/balticsea2.jpg\" alt=\"\" width=\"1600\" height=\"1200\" srcset=\"http:\/\/grundschule-am-papenberg.de\/wordpress\/wp-content\/uploads\/2026\/04\/balticsea2.jpg 1600w, http:\/\/grundschule-am-papenberg.de\/wordpress\/wp-content\/uploads\/2026\/04\/balticsea2-300x225.jpg 300w, http:\/\/grundschule-am-papenberg.de\/wordpress\/wp-content\/uploads\/2026\/04\/balticsea2-1024x768.jpg 1024w, http:\/\/grundschule-am-papenberg.de\/wordpress\/wp-content\/uploads\/2026\/04\/balticsea2-768x576.jpg 768w, http:\/\/grundschule-am-papenberg.de\/wordpress\/wp-content\/uploads\/2026\/04\/balticsea2-1536x1152.jpg 1536w, http:\/\/grundschule-am-papenberg.de\/wordpress\/wp-content\/uploads\/2026\/04\/balticsea2-307x230.jpg 307w\" sizes=\"auto, (max-width: 1600px) 100vw, 1600px\" \/> <img loading=\"lazy\" decoding=\"async\" class=\"aligncenter size-full wp-image-6303\" src=\"http:\/\/grundschule-am-papenberg.de\/wordpress\/wp-content\/uploads\/2026\/04\/balticsea1.jpg\" alt=\"\" width=\"1600\" height=\"1200\" srcset=\"http:\/\/grundschule-am-papenberg.de\/wordpress\/wp-content\/uploads\/2026\/04\/balticsea1.jpg 1600w, http:\/\/grundschule-am-papenberg.de\/wordpress\/wp-content\/uploads\/2026\/04\/balticsea1-300x225.jpg 300w, http:\/\/grundschule-am-papenberg.de\/wordpress\/wp-content\/uploads\/2026\/04\/balticsea1-1024x768.jpg 1024w, http:\/\/grundschule-am-papenberg.de\/wordpress\/wp-content\/uploads\/2026\/04\/balticsea1-768x576.jpg 768w, http:\/\/grundschule-am-papenberg.de\/wordpress\/wp-content\/uploads\/2026\/04\/balticsea1-1536x1152.jpg 1536w, http:\/\/grundschule-am-papenberg.de\/wordpress\/wp-content\/uploads\/2026\/04\/balticsea1-307x230.jpg 307w\" sizes=\"auto, (max-width: 1600px) 100vw, 1600px\" \/><\/p>\n<p data-start=\"553\" data-end=\"680\" data-is-last-node=\"\" data-is-only-node=\"\">Das Projekt wurde vom Ministerium f\u00fcr Wissenschaft, Kultur, Bundes- und Europaangelegenheiten Mecklenburg-Vorpommern gef\u00f6rdert.<\/p>\n","protected":false},"excerpt":{"rendered":"<p>Am 16.04.2026 acht Musikerinnen und Musiker des Baltic Sea Philharmonic besuchten unsere Schule und gestalteten ein besonderes Konzerterlebnis f\u00fcr die Grundsch\u00fclerinnen und Grundsch\u00fcler der Klassen 2 bis 3. In einem abwechslungsreichen, etwa 30-min\u00fctigen Programm erklangen Werke von Tschaikowski, bekannte Filmmusik sowie moderne Popst\u00fccke. Eine kindgerechte Moderation f\u00fchrte durch das Programm, stellte die Instrumente vor und [&hellip;]<\/p>\n","protected":false},"author":2,"featured_media":0,"comment_status":"open","ping_status":"open","sticky":false,"template":"","format":"standard","meta":{"footnotes":""},"categories":[1],"tags":[],"class_list":["post-6304","post","type-post","status-publish","format-standard","hentry","category-allgemein"],"_links":{"self":[{"href":"http:\/\/grundschule-am-papenberg.de\/index.php?rest_route=\/wp\/v2\/posts\/6304","targetHints":{"allow":["GET"]}}],"collection":[{"href":"http:\/\/grundschule-am-papenberg.de\/index.php?rest_route=\/wp\/v2\/posts"}],"about":[{"href":"http:\/\/grundschule-am-papenberg.de\/index.php?rest_route=\/wp\/v2\/types\/post"}],"author":[{"embeddable":true,"href":"http:\/\/grundschule-am-papenberg.de\/index.php?rest_route=\/wp\/v2\/users\/2"}],"replies":[{"embeddable":true,"href":"http:\/\/grundschule-am-papenberg.de\/index.php?rest_route=%2Fwp%2Fv2%2Fcomments&post=6304"}],"version-history":[{"count":1,"href":"http:\/\/grundschule-am-papenberg.de\/index.php?rest_route=\/wp\/v2\/posts\/6304\/revisions"}],"predecessor-version":[{"id":6305,"href":"http:\/\/grundschule-am-papenberg.de\/index.php?rest_route=\/wp\/v2\/posts\/6304\/revisions\/6305"}],"wp:attachment":[{"href":"http:\/\/grundschule-am-papenberg.de\/index.php?rest_route=%2Fwp%2Fv2%2Fmedia&parent=6304"}],"wp:term":[{"taxonomy":"category","embeddable":true,"href":"http:\/\/grundschule-am-papenberg.de\/index.php?rest_route=%2Fwp%2Fv2%2Fcategories&post=6304"},{"taxonomy":"post_tag","embeddable":true,"href":"http:\/\/grundschule-am-papenberg.de\/index.php?rest_route=%2Fwp%2Fv2%2Ftags&post=6304"}],"curies":[{"name":"wp","href":"https:\/\/api.w.org\/{rel}","templated":true}]}}