{"id":6231,"date":"2026-01-25T20:16:11","date_gmt":"2026-01-25T19:16:11","guid":{"rendered":"http:\/\/grundschule-am-papenberg.de\/?p=6231"},"modified":"2026-01-25T20:16:13","modified_gmt":"2026-01-25T19:16:13","slug":"wichtige-information-fuer-eltern","status":"publish","type":"post","link":"http:\/\/grundschule-am-papenberg.de\/?p=6231","title":{"rendered":"Wichtige Information f\u00fcr Eltern"},"content":{"rendered":"\n<p data-start=\"122\" data-end=\"135\">Liebe Eltern,<\/p>\n<p data-start=\"137\" data-end=\"264\">trotz der <strong data-start=\"147\" data-end=\"205\">erwarteten schlechten witterungsbedingten Verh\u00e4ltnisse<\/strong> bleibt die Schule<\/p>\n<p data-start=\"137\" data-end=\"264\">am <strong data-start=\"227\" data-end=\"253\">Montag, den 26.01.2026<\/strong>, ge\u00f6ffnet.<\/p>\n<p data-start=\"266\" data-end=\"344\">Bitte entscheiden Sie selbst, ob der Schulweg f\u00fcr Ihr Kind sicher m\u00f6glich ist.<\/p>\n<p data-start=\"346\" data-end=\"539\">Sollte Ihr Kind nicht am Unterricht teilnehmen k\u00f6nnen, melden Sie es bitte <strong data-start=\"421\" data-end=\"450\">in jedem Fall telefonisch<\/strong> in der Schule ab. Das Fehlen wird dann selbstverst\u00e4ndlich als <strong data-start=\"513\" data-end=\"529\">entschuldigt<\/strong> vermerkt.<\/p>\n<p data-start=\"541\" data-end=\"596\">Vielen Dank f\u00fcr Ihr Verst\u00e4ndnis und Ihre Unterst\u00fctzung.<\/p>\n<p data-start=\"598\" data-end=\"634\">Freundliche Gr\u00fc\u00dfe<br data-start=\"615\" data-end=\"618\" \/>Die Schulleitung<\/p>\n\n\n","protected":false},"excerpt":{"rendered":"<p>Liebe Eltern, trotz der erwarteten schlechten witterungsbedingten Verh\u00e4ltnisse bleibt die Schule am Montag, den 26.01.2026, ge\u00f6ffnet. Bitte entscheiden Sie selbst, ob der Schulweg f\u00fcr Ihr Kind sicher m\u00f6glich ist. Sollte Ihr Kind nicht am Unterricht teilnehmen k\u00f6nnen, melden Sie es bitte in jedem Fall telefonisch in der Schule ab. Das Fehlen wird dann selbstverst\u00e4ndlich als [&hellip;]<\/p>\n","protected":false},"author":2,"featured_media":0,"comment_status":"open","ping_status":"open","sticky":false,"template":"","format":"standard","meta":{"footnotes":""},"categories":[1],"tags":[],"class_list":["post-6231","post","type-post","status-publish","format-standard","hentry","category-allgemein"],"_links":{"self":[{"href":"http:\/\/grundschule-am-papenberg.de\/index.php?rest_route=\/wp\/v2\/posts\/6231","targetHints":{"allow":["GET"]}}],"collection":[{"href":"http:\/\/grundschule-am-papenberg.de\/index.php?rest_route=\/wp\/v2\/posts"}],"about":[{"href":"http:\/\/grundschule-am-papenberg.de\/index.php?rest_route=\/wp\/v2\/types\/post"}],"author":[{"embeddable":true,"href":"http:\/\/grundschule-am-papenberg.de\/index.php?rest_route=\/wp\/v2\/users\/2"}],"replies":[{"embeddable":true,"href":"http:\/\/grundschule-am-papenberg.de\/index.php?rest_route=%2Fwp%2Fv2%2Fcomments&post=6231"}],"version-history":[{"count":1,"href":"http:\/\/grundschule-am-papenberg.de\/index.php?rest_route=\/wp\/v2\/posts\/6231\/revisions"}],"predecessor-version":[{"id":6232,"href":"http:\/\/grundschule-am-papenberg.de\/index.php?rest_route=\/wp\/v2\/posts\/6231\/revisions\/6232"}],"wp:attachment":[{"href":"http:\/\/grundschule-am-papenberg.de\/index.php?rest_route=%2Fwp%2Fv2%2Fmedia&parent=6231"}],"wp:term":[{"taxonomy":"category","embeddable":true,"href":"http:\/\/grundschule-am-papenberg.de\/index.php?rest_route=%2Fwp%2Fv2%2Fcategories&post=6231"},{"taxonomy":"post_tag","embeddable":true,"href":"http:\/\/grundschule-am-papenberg.de\/index.php?rest_route=%2Fwp%2Fv2%2Ftags&post=6231"}],"curies":[{"name":"wp","href":"https:\/\/api.w.org\/{rel}","templated":true}]}}