{"id":6213,"date":"2026-01-23T14:29:57","date_gmt":"2026-01-23T13:29:57","guid":{"rendered":"http:\/\/grundschule-am-papenberg.de\/?p=6213"},"modified":"2026-01-23T15:28:35","modified_gmt":"2026-01-23T14:28:35","slug":"faschingsfest-2026","status":"publish","type":"post","link":"http:\/\/grundschule-am-papenberg.de\/?p=6213","title":{"rendered":"Faschingsfest 2026"},"content":{"rendered":"\n<p data-start=\"165\" data-end=\"571\">Am heutigen 23. Januar 2026 wurde an unserer Grundschule Am Papenberg ausgelassen Fasching gefeiert. In der gro\u00dfen Pausenhalle erwartete die Kinder ein fr\u00f6hliches und buntes Faschingsprogramm: Zu bekannten Partyhits wurde gemeinsam gesungen, getanzt und gelacht. Bei kleinen Teamspielen, einer riesigen Polonaise (siehe Video) und dem Staunen \u00fcber die vielen kreativen Kost\u00fcme herrschte eine ausgelassene Stimmung. &#x1f973; In diesem Jahr staunen die Kinder nicht schlecht dar\u00fcber, dass viele ihrer Lehrerinnen inklusive Alltagshilfen und upF im Team als Minions verkleidet zur Feier erschienen. &#x1f603;&#x1f34c;\u00a0<\/p>\n<p data-start=\"573\" data-end=\"880\">Im Anschluss \u00f6ffneten die St\u00e4nde der allj\u00e4hrlichen Flohm\u00e4rkte der 4. Klassen. Mit viel Liebe zum Detail hatten die Viertkl\u00e4ssler ihre Verkaufsfl\u00e4chen gestaltet, und schon bald schlenderten die Kinder der Klassen 1 bis 3 begeistert durch das vielf\u00e4ltige Angebot und entdeckten so manchen kleinen Schatz.<\/p>\n<p data-start=\"882\" data-end=\"1151\"><strong>Ein herzliches Dankesch\u00f6n gilt allen Eltern f\u00fcr die liebevoll vorbereiteten Kost\u00fcme und die vielen leckeren Faschingssnacks, die die Kinder in ihren Klassenr\u00e4umen genie\u00dfen konnten. &#x1f340;&#x1f60a;&#x1f973;<\/strong><br data-start=\"1062\" data-end=\"1065\" \/>Es war ein rundum gelungener Faschingstag voller Freude, Gemeinschaft und guter Laune!<\/p>\n\n\n\n\n\n<figure class=\"wp-block-video\"><video controls loop muted src=\"http:\/\/grundschule-am-papenberg.de\/wordpress\/wp-content\/uploads\/2026\/01\/IMG_3187-1.mov\"><\/video><figcaption class=\"wp-element-caption\">Die riesige Polonaise wirbelte durch das Atrium &#x1f973;<\/figcaption><\/figure>\n\n\n","protected":false},"excerpt":{"rendered":"<p>Am heutigen 23. Januar 2026 wurde an unserer Grundschule Am Papenberg ausgelassen Fasching gefeiert. In der gro\u00dfen Pausenhalle erwartete die Kinder ein fr\u00f6hliches und buntes Faschingsprogramm: Zu bekannten Partyhits wurde gemeinsam gesungen, getanzt und gelacht. Bei kleinen Teamspielen, einer riesigen Polonaise (siehe Video) und dem Staunen \u00fcber die vielen kreativen Kost\u00fcme herrschte eine ausgelassene Stimmung. [&hellip;]<\/p>\n","protected":false},"author":10,"featured_media":6214,"comment_status":"open","ping_status":"open","sticky":false,"template":"","format":"standard","meta":{"footnotes":""},"categories":[1],"tags":[],"class_list":["post-6213","post","type-post","status-publish","format-standard","has-post-thumbnail","hentry","category-allgemein"],"_links":{"self":[{"href":"http:\/\/grundschule-am-papenberg.de\/index.php?rest_route=\/wp\/v2\/posts\/6213","targetHints":{"allow":["GET"]}}],"collection":[{"href":"http:\/\/grundschule-am-papenberg.de\/index.php?rest_route=\/wp\/v2\/posts"}],"about":[{"href":"http:\/\/grundschule-am-papenberg.de\/index.php?rest_route=\/wp\/v2\/types\/post"}],"author":[{"embeddable":true,"href":"http:\/\/grundschule-am-papenberg.de\/index.php?rest_route=\/wp\/v2\/users\/10"}],"replies":[{"embeddable":true,"href":"http:\/\/grundschule-am-papenberg.de\/index.php?rest_route=%2Fwp%2Fv2%2Fcomments&post=6213"}],"version-history":[{"count":2,"href":"http:\/\/grundschule-am-papenberg.de\/index.php?rest_route=\/wp\/v2\/posts\/6213\/revisions"}],"predecessor-version":[{"id":6227,"href":"http:\/\/grundschule-am-papenberg.de\/index.php?rest_route=\/wp\/v2\/posts\/6213\/revisions\/6227"}],"wp:featuredmedia":[{"embeddable":true,"href":"http:\/\/grundschule-am-papenberg.de\/index.php?rest_route=\/wp\/v2\/media\/6214"}],"wp:attachment":[{"href":"http:\/\/grundschule-am-papenberg.de\/index.php?rest_route=%2Fwp%2Fv2%2Fmedia&parent=6213"}],"wp:term":[{"taxonomy":"category","embeddable":true,"href":"http:\/\/grundschule-am-papenberg.de\/index.php?rest_route=%2Fwp%2Fv2%2Fcategories&post=6213"},{"taxonomy":"post_tag","embeddable":true,"href":"http:\/\/grundschule-am-papenberg.de\/index.php?rest_route=%2Fwp%2Fv2%2Ftags&post=6213"}],"curies":[{"name":"wp","href":"https:\/\/api.w.org\/{rel}","templated":true}]}}