{"id":6206,"date":"2026-01-23T14:04:28","date_gmt":"2026-01-23T13:04:28","guid":{"rendered":"http:\/\/grundschule-am-papenberg.de\/?p=6206"},"modified":"2026-01-23T14:06:48","modified_gmt":"2026-01-23T13:06:48","slug":"einladung-fortsetzung-der-elternsprechstunde-mit-der-bildungsministerin","status":"publish","type":"post","link":"http:\/\/grundschule-am-papenberg.de\/?p=6206","title":{"rendered":"Einladung: Fortsetzung der Elternsprechstunde mit der Bildungsministerin"},"content":{"rendered":"\n<p data-start=\"259\" data-end=\"565\">Die Bildungsministerin unseres Landes, <strong data-start=\"317\" data-end=\"337\">Simone Oldenburg<\/strong>, l\u00e4dt auch im Februar wieder zum direkten Austausch ein. Im Januar 2026 haben Sie als Eltern die M\u00f6glichkeit, ihre Erfahrungen, Anregungen und Anliegen rund um Schule und Bildung in pers\u00f6nlichen Gespr\u00e4chen einzubringen.<\/p>\n<p data-start=\"567\" data-end=\"949\">Der offene Dialog mit Eltern ist ein wichtiger Baustein f\u00fcr die Weiterentwicklung unseres Schulsystems. <strong>R\u00fcckmeldungen von Ihnen als Eltern unserer Sch\u00fclerinnen und Sch\u00fcler helfen dabei, vorhandene St\u00e4rken sichtbar zu machen und gemeinsam notwendige Verbesserungen anzusto\u00dfen.<\/strong><\/p>\n<p data-start=\"951\" data-end=\"1128\">Siehe Einladungsschreiben:<\/p>\n\n\n\n<div data-wp-interactive=\"core\/file\" class=\"wp-block-file\"><object data-wp-bind--hidden=\"!state.hasPdfPreview\" hidden class=\"wp-block-file__embed\" data=\"http:\/\/grundschule-am-papenberg.de\/wordpress\/wp-content\/uploads\/2026\/01\/011-26-Elternsprechstunde-im-Februar-1.pdf\" type=\"application\/pdf\" style=\"width:100%;height:600px\" aria-label=\"Einbettung von 011-26 Elternsprechstunde im Februar.\"><\/object><a id=\"wp-block-file--media-5d82d321-f9b3-45a4-82e1-64fac7fe8d1b\" href=\"http:\/\/grundschule-am-papenberg.de\/wordpress\/wp-content\/uploads\/2026\/01\/011-26-Elternsprechstunde-im-Februar-1.pdf\">011-26 Elternsprechstunde im Februar<\/a><a href=\"http:\/\/grundschule-am-papenberg.de\/wordpress\/wp-content\/uploads\/2026\/01\/011-26-Elternsprechstunde-im-Februar-1.pdf\" class=\"wp-block-file__button wp-element-button\" download aria-describedby=\"wp-block-file--media-5d82d321-f9b3-45a4-82e1-64fac7fe8d1b\">Herunterladen<\/a><\/div>\n","protected":false},"excerpt":{"rendered":"<p>Die Bildungsministerin unseres Landes, Simone Oldenburg, l\u00e4dt auch im Februar wieder zum direkten Austausch ein. Im Januar 2026 haben Sie als Eltern die M\u00f6glichkeit, ihre Erfahrungen, Anregungen und Anliegen rund um Schule und Bildung in pers\u00f6nlichen Gespr\u00e4chen einzubringen. Der offene Dialog mit Eltern ist ein wichtiger Baustein f\u00fcr die Weiterentwicklung unseres Schulsystems. R\u00fcckmeldungen von Ihnen [&hellip;]<\/p>\n","protected":false},"author":10,"featured_media":6185,"comment_status":"closed","ping_status":"closed","sticky":false,"template":"","format":"standard","meta":{"footnotes":""},"categories":[1],"tags":[],"class_list":["post-6206","post","type-post","status-publish","format-standard","has-post-thumbnail","hentry","category-allgemein"],"_links":{"self":[{"href":"http:\/\/grundschule-am-papenberg.de\/index.php?rest_route=\/wp\/v2\/posts\/6206","targetHints":{"allow":["GET"]}}],"collection":[{"href":"http:\/\/grundschule-am-papenberg.de\/index.php?rest_route=\/wp\/v2\/posts"}],"about":[{"href":"http:\/\/grundschule-am-papenberg.de\/index.php?rest_route=\/wp\/v2\/types\/post"}],"author":[{"embeddable":true,"href":"http:\/\/grundschule-am-papenberg.de\/index.php?rest_route=\/wp\/v2\/users\/10"}],"replies":[{"embeddable":true,"href":"http:\/\/grundschule-am-papenberg.de\/index.php?rest_route=%2Fwp%2Fv2%2Fcomments&post=6206"}],"version-history":[{"count":2,"href":"http:\/\/grundschule-am-papenberg.de\/index.php?rest_route=\/wp\/v2\/posts\/6206\/revisions"}],"predecessor-version":[{"id":6210,"href":"http:\/\/grundschule-am-papenberg.de\/index.php?rest_route=\/wp\/v2\/posts\/6206\/revisions\/6210"}],"wp:featuredmedia":[{"embeddable":true,"href":"http:\/\/grundschule-am-papenberg.de\/index.php?rest_route=\/wp\/v2\/media\/6185"}],"wp:attachment":[{"href":"http:\/\/grundschule-am-papenberg.de\/index.php?rest_route=%2Fwp%2Fv2%2Fmedia&parent=6206"}],"wp:term":[{"taxonomy":"category","embeddable":true,"href":"http:\/\/grundschule-am-papenberg.de\/index.php?rest_route=%2Fwp%2Fv2%2Fcategories&post=6206"},{"taxonomy":"post_tag","embeddable":true,"href":"http:\/\/grundschule-am-papenberg.de\/index.php?rest_route=%2Fwp%2Fv2%2Ftags&post=6206"}],"curies":[{"name":"wp","href":"https:\/\/api.w.org\/{rel}","templated":true}]}}