{"id":6200,"date":"2026-01-12T17:27:24","date_gmt":"2026-01-12T16:27:24","guid":{"rendered":"http:\/\/grundschule-am-papenberg.de\/?p=6200"},"modified":"2026-01-12T17:27:25","modified_gmt":"2026-01-12T16:27:25","slug":"warnstreik-normaler-schulbetrieb","status":"publish","type":"post","link":"http:\/\/grundschule-am-papenberg.de\/?p=6200","title":{"rendered":"Warnstreik: Normaler Schulbetrieb!"},"content":{"rendered":"\n<p>Am <strong>Mittwoch, den 14. Januar 2026<\/strong> findet ein angek\u00fcndigter Warnstreik im \u00f6ffentlichen Dienst statt.<br data-start=\"502\" data-end=\"505\" \/>An unserer Schule kann der <strong data-start=\"546\" data-end=\"582\">Unterricht an diesem Tag planm\u00e4\u00dfig stattfinden<\/strong>.<\/p>\n","protected":false},"excerpt":{"rendered":"<p>Am Mittwoch, den 14. Januar 2026 findet ein angek\u00fcndigter Warnstreik im \u00f6ffentlichen Dienst statt.An unserer Schule kann der Unterricht an diesem Tag planm\u00e4\u00dfig stattfinden.<\/p>\n","protected":false},"author":10,"featured_media":0,"comment_status":"open","ping_status":"open","sticky":false,"template":"","format":"standard","meta":{"footnotes":""},"categories":[1],"tags":[],"class_list":["post-6200","post","type-post","status-publish","format-standard","hentry","category-allgemein"],"_links":{"self":[{"href":"http:\/\/grundschule-am-papenberg.de\/index.php?rest_route=\/wp\/v2\/posts\/6200","targetHints":{"allow":["GET"]}}],"collection":[{"href":"http:\/\/grundschule-am-papenberg.de\/index.php?rest_route=\/wp\/v2\/posts"}],"about":[{"href":"http:\/\/grundschule-am-papenberg.de\/index.php?rest_route=\/wp\/v2\/types\/post"}],"author":[{"embeddable":true,"href":"http:\/\/grundschule-am-papenberg.de\/index.php?rest_route=\/wp\/v2\/users\/10"}],"replies":[{"embeddable":true,"href":"http:\/\/grundschule-am-papenberg.de\/index.php?rest_route=%2Fwp%2Fv2%2Fcomments&post=6200"}],"version-history":[{"count":1,"href":"http:\/\/grundschule-am-papenberg.de\/index.php?rest_route=\/wp\/v2\/posts\/6200\/revisions"}],"predecessor-version":[{"id":6201,"href":"http:\/\/grundschule-am-papenberg.de\/index.php?rest_route=\/wp\/v2\/posts\/6200\/revisions\/6201"}],"wp:attachment":[{"href":"http:\/\/grundschule-am-papenberg.de\/index.php?rest_route=%2Fwp%2Fv2%2Fmedia&parent=6200"}],"wp:term":[{"taxonomy":"category","embeddable":true,"href":"http:\/\/grundschule-am-papenberg.de\/index.php?rest_route=%2Fwp%2Fv2%2Fcategories&post=6200"},{"taxonomy":"post_tag","embeddable":true,"href":"http:\/\/grundschule-am-papenberg.de\/index.php?rest_route=%2Fwp%2Fv2%2Ftags&post=6200"}],"curies":[{"name":"wp","href":"https:\/\/api.w.org\/{rel}","templated":true}]}}