{"id":6183,"date":"2025-12-19T14:45:49","date_gmt":"2025-12-19T13:45:49","guid":{"rendered":"http:\/\/grundschule-am-papenberg.de\/?p=6183"},"modified":"2025-12-19T14:48:15","modified_gmt":"2025-12-19T13:48:15","slug":"einladung-zu-elternsprechstunden-mit-der-bildungsministerin","status":"publish","type":"post","link":"http:\/\/grundschule-am-papenberg.de\/?p=6183","title":{"rendered":"Einladung zu Elternsprechstunden mit der Bildungsministerin"},"content":{"rendered":"\n<p data-start=\"259\" data-end=\"565\">Die Bildungsministerin unseres Landes, <strong data-start=\"317\" data-end=\"337\">Simone Oldenburg<\/strong>, l\u00e4dt auch im kommenden Jahr Eltern herzlich zum direkten Austausch ein. Im Januar 2026 haben Sie als Eltern die M\u00f6glichkeit, ihre Erfahrungen, Anregungen und Anliegen rund um Schule und Bildung in pers\u00f6nlichen Gespr\u00e4chen einzubringen.<\/p>\n<p data-start=\"567\" data-end=\"949\">Der offene Dialog mit Eltern ist ein wichtiger Baustein f\u00fcr die Weiterentwicklung unseres Schulsystems. <strong>R\u00fcckmeldungen von Ihnen als Eltern unserer Sch\u00fclerinnen und Sch\u00fcler helfen dabei, vorhandene St\u00e4rken sichtbar zu machen und gemeinsam notwendige Verbesserungen anzusto\u00dfen.<\/strong><\/p>\n<p data-start=\"951\" data-end=\"1128\">Eltern k\u00f6nnen zwischen einer <strong data-start=\"980\" data-end=\"1006\">digitalen Sprechstunde<\/strong> oder einer <strong data-start=\"1018\" data-end=\"1042\">Sprechstunde vor Ort<\/strong> w\u00e4hlen. Da die Teilnehmerzahl begrenzt ist, wird um eine vorherige Anmeldung gebeten.<\/p>\n<p data-start=\"951\" data-end=\"1128\">\u00a0<\/p>\n<p data-start=\"1130\" data-end=\"1155\">\u00a0<\/p>\n\n\n\n<div data-wp-interactive=\"core\/file\" class=\"wp-block-file\"><object data-wp-bind--hidden=\"!state.hasPdfPreview\" hidden class=\"wp-block-file__embed\" data=\"http:\/\/grundschule-am-papenberg.de\/wordpress\/wp-content\/uploads\/2025\/12\/Elternsprechstunden-im-Januar.pdf\" type=\"application\/pdf\" style=\"width:100%;height:600px\" aria-label=\"Einbettung von Elternsprechstunden im Januar.\"><\/object><a id=\"wp-block-file--media-027cb216-02ad-4002-a9a8-bdd767658484\" href=\"http:\/\/grundschule-am-papenberg.de\/wordpress\/wp-content\/uploads\/2025\/12\/Elternsprechstunden-im-Januar.pdf\">Elternsprechstunden im Januar<\/a><a href=\"http:\/\/grundschule-am-papenberg.de\/wordpress\/wp-content\/uploads\/2025\/12\/Elternsprechstunden-im-Januar.pdf\" class=\"wp-block-file__button wp-element-button\" download aria-describedby=\"wp-block-file--media-027cb216-02ad-4002-a9a8-bdd767658484\">Herunterladen<\/a><\/div>\n","protected":false},"excerpt":{"rendered":"<p>Die Bildungsministerin unseres Landes, Simone Oldenburg, l\u00e4dt auch im kommenden Jahr Eltern herzlich zum direkten Austausch ein. Im Januar 2026 haben Sie als Eltern die M\u00f6glichkeit, ihre Erfahrungen, Anregungen und Anliegen rund um Schule und Bildung in pers\u00f6nlichen Gespr\u00e4chen einzubringen. Der offene Dialog mit Eltern ist ein wichtiger Baustein f\u00fcr die Weiterentwicklung unseres Schulsystems. R\u00fcckmeldungen [&hellip;]<\/p>\n","protected":false},"author":10,"featured_media":6185,"comment_status":"open","ping_status":"open","sticky":false,"template":"","format":"standard","meta":{"footnotes":""},"categories":[1],"tags":[],"class_list":["post-6183","post","type-post","status-publish","format-standard","has-post-thumbnail","hentry","category-allgemein"],"_links":{"self":[{"href":"http:\/\/grundschule-am-papenberg.de\/index.php?rest_route=\/wp\/v2\/posts\/6183","targetHints":{"allow":["GET"]}}],"collection":[{"href":"http:\/\/grundschule-am-papenberg.de\/index.php?rest_route=\/wp\/v2\/posts"}],"about":[{"href":"http:\/\/grundschule-am-papenberg.de\/index.php?rest_route=\/wp\/v2\/types\/post"}],"author":[{"embeddable":true,"href":"http:\/\/grundschule-am-papenberg.de\/index.php?rest_route=\/wp\/v2\/users\/10"}],"replies":[{"embeddable":true,"href":"http:\/\/grundschule-am-papenberg.de\/index.php?rest_route=%2Fwp%2Fv2%2Fcomments&post=6183"}],"version-history":[{"count":2,"href":"http:\/\/grundschule-am-papenberg.de\/index.php?rest_route=\/wp\/v2\/posts\/6183\/revisions"}],"predecessor-version":[{"id":6188,"href":"http:\/\/grundschule-am-papenberg.de\/index.php?rest_route=\/wp\/v2\/posts\/6183\/revisions\/6188"}],"wp:featuredmedia":[{"embeddable":true,"href":"http:\/\/grundschule-am-papenberg.de\/index.php?rest_route=\/wp\/v2\/media\/6185"}],"wp:attachment":[{"href":"http:\/\/grundschule-am-papenberg.de\/index.php?rest_route=%2Fwp%2Fv2%2Fmedia&parent=6183"}],"wp:term":[{"taxonomy":"category","embeddable":true,"href":"http:\/\/grundschule-am-papenberg.de\/index.php?rest_route=%2Fwp%2Fv2%2Fcategories&post=6183"},{"taxonomy":"post_tag","embeddable":true,"href":"http:\/\/grundschule-am-papenberg.de\/index.php?rest_route=%2Fwp%2Fv2%2Ftags&post=6183"}],"curies":[{"name":"wp","href":"https:\/\/api.w.org\/{rel}","templated":true}]}}