{"id":6171,"date":"2025-12-18T16:55:53","date_gmt":"2025-12-18T15:55:53","guid":{"rendered":"http:\/\/grundschule-am-papenberg.de\/?p=6171"},"modified":"2026-02-23T19:33:42","modified_gmt":"2026-02-23T18:33:42","slug":"gemeinsames-weihnachtssingen-im-festlich-geschmueckten-atrium","status":"publish","type":"post","link":"http:\/\/grundschule-am-papenberg.de\/?p=6171","title":{"rendered":"Gemeinsames Weihnachtssingen im festlich geschm\u00fcckten Atrium"},"content":{"rendered":"\n<p data-start=\"178\" data-end=\"540\">Am heutigen Morgen versammelten sich alle Schulkinder im wundersch\u00f6n weihnachtlich geschm\u00fcckten Atrium unserer Grundschule Am Papenberg, um gemeinsam zu singen und die Vorfreude auf das Weihnachtsfest zu teilen. In festlicher Atmosph\u00e4re erklangen bekannte Weihnachtslieder und stimmungsvolle Melodien.<\/p>\n<p data-start=\"542\" data-end=\"1017\">Ein besonderes Highlight waren die Tanzdarbietungen unserer Kinder der <strong data-start=\"602\" data-end=\"626\">VH-Line-Dance<\/strong>, die gemeinsam mit der <strong>Line-Dance-Gruppe &#8222;Black Dogs&#8220;<\/strong> auftraten und das Publikum mit viel Freude und Country-Musik begeisterten (siehe Titelbild). Musikalisch bereichert wurde das Weihnachtssingen zudem durch <strong data-start=\"814\" data-end=\"842\">Annelie aus der Klasse 4<\/strong>, die mit ihrem Klavierspiel beeindruckte, sowie durch unseren <strong data-start=\"905\" data-end=\"951\">Schulchor unter der Leitung von Frau Labes<\/strong>, der deutsche und englischsprachige Weihnachtssongs pr\u00e4sentierte. <strong>Alle Klassenstufen traten mit eigenen Liedern auf<\/strong> und auch die <strong>DFLG 1 und 2<\/strong> begeisterten als kleine Schneeflocken mit dem Lied &#8222;Schneefl\u00f6ckchen Wei\u00dfr\u00f6ckchen&#8220;. In diesem Jahr haben auch die Lehrerinnen ein tolles Lied pr\u00e4sentiert.<\/p>\n<p data-start=\"1019\" data-end=\"1319\">Die wunderbare Atmosph\u00e4re dieses gemeinsamen Singens bildete einen gelungenen Auftakt f\u00fcr die anschlie\u00dfenden Weihnachtsprojekttage in den Klassenr\u00e4umen.<br data-start=\"1175\" data-end=\"1178\" \/><strong>Wir danken allen Mitwirkenden sowie den engagierten Eltern herzlich f\u00fcr ihre Unterst\u00fctzung und dieses besondere, stimmungsvolle Erlebnis.<\/strong> &#x2728;&#x1f384;<\/p>\n\n\n<style>#jtg-6178 .modula-item .jtg-social a, .lightbox-socials.jtg-social a{ fill: #ffffff; color: #ffffff }#jtg-6178 .modula-item .jtg-social-mobile a{ fill: #ffffff; color: #ffffff }#jtg-6178 .modula-item .jtg-social svg, .lightbox-socials.jtg-social svg { height: 16px; width: 16px }#jtg-6178 .modula-item .jtg-social-mobile svg { height: 16px; width: 16px }#jtg-6178 .modula-item .jtg-social a:not(:last-child), .lightbox-socials.jtg-social a:not(:last-child) { margin-right: 10px }#jtg-6178 .modula-item .jtg-social-mobile .jtg-social-mobile-icons a:not(:last-child){ margin-right: 10px }#jtg-6178 .modula-item .figc {color:#ffffff;}#jtg-6178 .modula-item .figc .jtg-title {  font-size: 24px; }#jtg-6178 .modula-item .modula-item-content { transform: scale(1) }#jtg-6178 { width:100%;}#jtg-6178 .modula-items .figc p.description { font-size:16px; }#jtg-6178 .modula-items .figc p.description { color:#ffffff;}#jtg-6178 .modula-items .figc .jtg-title { color:#ffffff; }#jtg-6178.modula-gallery .modula-item > a, #jtg-6178.modula-gallery .modula-item, #jtg-6178.modula-gallery .modula-item-content > a:not(.modula-no-follow) { cursor:zoom-in; } #jtg-6178.modula-gallery .modula-item-content .modula-no-follow { cursor: default; } @media screen and (max-width:480px){#jtg-6178 .modula-item .figc .jtg-title {  font-size: 12px; }#jtg-6178 .modula-items .figc p.description { color:#ffffff;font-size:10px; }}<\/style>\n<div  id=\"jtg-6178\" class=\"modula modula-gallery modula-columns\" data-config=\"{&quot;tabletHeight&quot;:800,&quot;mobileHeight&quot;:800,&quot;desktopHeight&quot;:800,&quot;enableTwitter&quot;:false,&quot;enableWhatsapp&quot;:false,&quot;enableFacebook&quot;:false,&quot;enablePinterest&quot;:false,&quot;enableLinkedin&quot;:false,&quot;enableEmail&quot;:false,&quot;randomFactor&quot;:0.5,&quot;type&quot;:&quot;grid&quot;,&quot;columns&quot;:12,&quot;gutter&quot;:10,&quot;mobileGutter&quot;:10,&quot;tabletGutter&quot;:10,&quot;desktopGutter&quot;:10,&quot;enableResponsive&quot;:&quot;0&quot;,&quot;tabletColumns&quot;:2,&quot;mobileColumns&quot;:1,&quot;lazyLoad&quot;:true,&quot;lightboxOpts&quot;:{&quot;animated&quot;:true,&quot;Thumbs&quot;:{&quot;type&quot;:&quot;modern&quot;,&quot;showOnStart&quot;:false},&quot;Toolbar&quot;:{&quot;display&quot;:{&quot;right&quot;:[&quot;close&quot;]},&quot;enabled&quot;:true},&quot;Carousel&quot;:{&quot;Panzoom&quot;:{&quot;touch&quot;:false},&quot;infinite&quot;:false},&quot;keyboard&quot;:{&quot;Escape&quot;:&quot;close&quot;,&quot;Delete&quot;:&quot;close&quot;,&quot;Backspace&quot;:&quot;close&quot;,&quot;PageUp&quot;:false,&quot;PageDown&quot;:false,&quot;ArrowUp&quot;:false,&quot;ArrowDown&quot;:false,&quot;ArrowRight&quot;:false,&quot;ArrowLeft&quot;:false},&quot;touch&quot;:false,&quot;backdropClick&quot;:false,&quot;l10n&quot;:{&quot;CLOSE&quot;:&quot;Close&quot;,&quot;NEXT&quot;:&quot;Next&quot;,&quot;PREV&quot;:&quot;Previous&quot;,&quot;Error&quot;:&quot;The requested content cannot be loaded. Please try again later.&quot;,&quot;PLAY_START&quot;:&quot;Start slideshow&quot;,&quot;PLAY_STOP&quot;:&quot;Pause slideshow&quot;,&quot;FULL_SCREEN&quot;:&quot;Full screen&quot;,&quot;THUMBS&quot;:&quot;Thumbnails&quot;,&quot;DOWNLOAD&quot;:&quot;Download&quot;,&quot;SHARE&quot;:&quot;Share&quot;,&quot;ZOOM&quot;:&quot;Zoom&quot;,&quot;EMAIL&quot;:&quot;Here is the link to the image : %%image_link%% and this is the link to the gallery : %%gallery_link%%&quot;,&quot;MODAL&quot;:&quot;You can close this modal content with the ESC key&quot;,&quot;ERROR&quot;:&quot;Something Went Wrong, Please Try Again Later&quot;,&quot;IMAGE_ERROR&quot;:&quot;Image Not Found&quot;,&quot;ELEMENT_NOT_FOUND&quot;:&quot;HTML Element Not Found&quot;,&quot;AJAX_NOT_FOUND&quot;:&quot;Error Loading AJAX : Not Found&quot;,&quot;AJAX_FORBIDDEN&quot;:&quot;Error Loading AJAX : Forbidden&quot;,&quot;IFRAME_ERROR&quot;:&quot;Error Loading Page&quot;,&quot;TOGGLE_ZOOM&quot;:&quot;Toggle zoom level&quot;,&quot;TOGGLE_THUMBS&quot;:&quot;Toggle thumbnails&quot;,&quot;TOGGLE_SLIDESHOW&quot;:&quot;Toggle slideshow&quot;,&quot;TOGGLE_FULLSCREEN&quot;:&quot;Toggle full-screen mode&quot;},&quot;Images&quot;:{&quot;Panzoom&quot;:{&quot;maxScale&quot;:2}},&quot;mainClass&quot;:&quot;modula-fancybox-container modula-lightbox-jtg-6178&quot;,&quot;Html&quot;:{&quot;videoAutoplay&quot;:0,&quot;videoTpl&quot;:&quot;&lt;video class=\\&quot;fancybox__html5video\\&quot; controls muted playsinline controlsList controlsList=\\&quot;nodownload\\&quot; poster=\\&quot;{{poster}}\\&quot; src=\\&quot;{{src}}\\&quot; type=\\&quot;{{format}}\\&quot; &gt;  Sorry, your browser doesn&#039;t support embedded videos, &lt;a href=\\&quot;{{src}}\\&quot;&gt; download &lt;\\\/a&gt; and watch with your favorite video player! &lt;\\\/video&gt;&quot;}},&quot;inView&quot;:false,&quot;email_subject&quot;:&quot;Check out this awesome image !!&quot;,&quot;email_message&quot;:&quot;Here is the link to the image : %%image_link%% and this is the link to the gallery : %%gallery_link%%&quot;,&quot;grid_type&quot;:&quot;automatic&quot;,&quot;rowHeight&quot;:250,&quot;lastRow&quot;:&quot;justify&quot;,&quot;lightbox&quot;:&quot;fancybox&quot;}\">\n\n\t\n\t<div  class=\"modula-items grid-gallery\">\n\t\t<div class=\"modula-item effect-pufrobo\" >\n\t<div class=\"modula-item-overlay\"><\/div>\n\n\t<div class=\"modula-item-content\">\n\n\t\t\t\t\n\t\t\t\t\t<a data-image-id=\"6176\" tabindex=\"0\" rel=\"jtg-6178\" data-caption=\"Gleich beginnt das gro\u00dfe Weihnachtssingen.\" aria-label=\"Open image in lightbox\" role=\"button\" class=\"tile-inner modula-item-link\"><\/a>\n\t\t\n\t\t<img class=\"pic wp-image-6176 lazyload\"  data-valign=\"middle\" data-halign=\"center\" alt=\"\" data-full=\"http:\/\/grundschule-am-papenberg.de\/wordpress\/wp-content\/uploads\/2025\/12\/65.jpg\" title=\"Gleich beginnt das gro\u00dfe Weihnachtssingen.\" width=\"300\" height=\"169\" data-src=\"http:\/\/grundschule-am-papenberg.de\/wordpress\/wp-content\/uploads\/2025\/12\/65-300x169.jpg\" data-caption=\"Gleich beginnt das gro\u00dfe Weihnachtssingen.\" data-source=\"modula\" data-srcset=\"http:\/\/grundschule-am-papenberg.de\/wordpress\/wp-content\/uploads\/2025\/12\/65.jpg 1280w, http:\/\/grundschule-am-papenberg.de\/wordpress\/wp-content\/uploads\/2025\/12\/65-300x169.jpg 300w, http:\/\/grundschule-am-papenberg.de\/wordpress\/wp-content\/uploads\/2025\/12\/65-1024x576.jpg 1024w, http:\/\/grundschule-am-papenberg.de\/wordpress\/wp-content\/uploads\/2025\/12\/65-768x432.jpg 768w, http:\/\/grundschule-am-papenberg.de\/wordpress\/wp-content\/uploads\/2025\/12\/65-409x230.jpg 409w\" data-sizes=\"(max-width: 300px) 100vw, 300px\" srcset=\"http:\/\/grundschule-am-papenberg.de\/wordpress\/wp-content\/uploads\/2025\/12\/65-300x169.jpg 300w, http:\/\/grundschule-am-papenberg.de\/wordpress\/wp-content\/uploads\/2025\/12\/65-1024x576.jpg 1024w, http:\/\/grundschule-am-papenberg.de\/wordpress\/wp-content\/uploads\/2025\/12\/65-768x432.jpg 768w, http:\/\/grundschule-am-papenberg.de\/wordpress\/wp-content\/uploads\/2025\/12\/65-409x230.jpg 409w, http:\/\/grundschule-am-papenberg.de\/wordpress\/wp-content\/uploads\/2025\/12\/65.jpg 1280w\" sizes=\"(max-width: 300px) 100vw, 300px\" \/>\n\t\t<div class=\"figc\">\n\t\t\t<div class=\"figc-inner\">\n\t\t\t\t\t\t\t\t\t\t\t\t\t<p class=\"description\">Gleich beginnt das gro\u00dfe Weihnachtssingen.<\/p>\n\t\t\t\t\t\t\t\t\t\t\t<\/div>\n\t\t<\/div>\n\n\t<\/div>\n\n<\/div><div class=\"modula-item effect-pufrobo\" >\n\t<div class=\"modula-item-overlay\"><\/div>\n\n\t<div class=\"modula-item-content\">\n\n\t\t\t\t\n\t\t\t\t\t<a data-image-id=\"6175\" tabindex=\"0\" rel=\"jtg-6178\" data-caption=\"Annelie spielte auf dem E-Piano.\" aria-label=\"Open image in lightbox\" role=\"button\" class=\"tile-inner modula-item-link\"><\/a>\n\t\t\n\t\t<img class=\"pic wp-image-6175 lazyload\"  data-valign=\"middle\" data-halign=\"center\" alt=\"\" data-full=\"http:\/\/grundschule-am-papenberg.de\/wordpress\/wp-content\/uploads\/2025\/12\/66.jpg\" title=\"Annelie spielte auf dem E-Piano.\" width=\"300\" height=\"169\" data-src=\"http:\/\/grundschule-am-papenberg.de\/wordpress\/wp-content\/uploads\/2025\/12\/66-300x169.jpg\" data-caption=\"Annelie spielte auf dem E-Piano.\" data-source=\"modula\" data-srcset=\"http:\/\/grundschule-am-papenberg.de\/wordpress\/wp-content\/uploads\/2025\/12\/66.jpg 1280w, http:\/\/grundschule-am-papenberg.de\/wordpress\/wp-content\/uploads\/2025\/12\/66-300x169.jpg 300w, http:\/\/grundschule-am-papenberg.de\/wordpress\/wp-content\/uploads\/2025\/12\/66-1024x576.jpg 1024w, http:\/\/grundschule-am-papenberg.de\/wordpress\/wp-content\/uploads\/2025\/12\/66-768x432.jpg 768w, http:\/\/grundschule-am-papenberg.de\/wordpress\/wp-content\/uploads\/2025\/12\/66-409x230.jpg 409w\" data-sizes=\"(max-width: 300px) 100vw, 300px\" srcset=\"http:\/\/grundschule-am-papenberg.de\/wordpress\/wp-content\/uploads\/2025\/12\/66-300x169.jpg 300w, http:\/\/grundschule-am-papenberg.de\/wordpress\/wp-content\/uploads\/2025\/12\/66-1024x576.jpg 1024w, http:\/\/grundschule-am-papenberg.de\/wordpress\/wp-content\/uploads\/2025\/12\/66-768x432.jpg 768w, http:\/\/grundschule-am-papenberg.de\/wordpress\/wp-content\/uploads\/2025\/12\/66-409x230.jpg 409w, http:\/\/grundschule-am-papenberg.de\/wordpress\/wp-content\/uploads\/2025\/12\/66.jpg 1280w\" sizes=\"(max-width: 300px) 100vw, 300px\" \/>\n\t\t<div class=\"figc\">\n\t\t\t<div class=\"figc-inner\">\n\t\t\t\t\t\t\t\t\t\t\t\t\t<p class=\"description\">Annelie spielte auf dem E-Piano.<\/p>\n\t\t\t\t\t\t\t\t\t\t\t<\/div>\n\t\t<\/div>\n\n\t<\/div>\n\n<\/div><div class=\"modula-item effect-pufrobo\" >\n\t<div class=\"modula-item-overlay\"><\/div>\n\n\t<div class=\"modula-item-content\">\n\n\t\t\t\t\n\t\t\t\t\t<a data-image-id=\"6173\" tabindex=\"0\" rel=\"jtg-6178\" data-caption=\"Die Kinder der DFLG 1 und 2 pr\u00e4sentierten das Lied &quot;Schneefl\u00f6ckchen Wei\u00dfr\u00f6ckchen&quot;\" aria-label=\"Open image in lightbox\" role=\"button\" class=\"tile-inner modula-item-link\"><\/a>\n\t\t\n\t\t<img class=\"pic wp-image-6173 lazyload\"  data-valign=\"middle\" data-halign=\"center\" alt=\"\" data-full=\"http:\/\/grundschule-am-papenberg.de\/wordpress\/wp-content\/uploads\/2025\/12\/68.jpg\" title=\"Die Kinder der DFLG 1 und 2 pr\u00e4sentierten das Lied &#8222;Schneefl\u00f6ckchen Wei\u00dfr\u00f6ckchen&#8220;\" width=\"300\" height=\"169\" data-src=\"http:\/\/grundschule-am-papenberg.de\/wordpress\/wp-content\/uploads\/2025\/12\/68-300x169.jpg\" data-caption=\"Die Kinder der DFLG 1 und 2 pr\u00e4sentierten das Lied &quot;Schneefl\u00f6ckchen Wei\u00dfr\u00f6ckchen&quot;\" data-source=\"modula\" data-srcset=\"http:\/\/grundschule-am-papenberg.de\/wordpress\/wp-content\/uploads\/2025\/12\/68.jpg 1280w, http:\/\/grundschule-am-papenberg.de\/wordpress\/wp-content\/uploads\/2025\/12\/68-300x169.jpg 300w, http:\/\/grundschule-am-papenberg.de\/wordpress\/wp-content\/uploads\/2025\/12\/68-1024x576.jpg 1024w, http:\/\/grundschule-am-papenberg.de\/wordpress\/wp-content\/uploads\/2025\/12\/68-768x432.jpg 768w, http:\/\/grundschule-am-papenberg.de\/wordpress\/wp-content\/uploads\/2025\/12\/68-409x230.jpg 409w\" data-sizes=\"(max-width: 300px) 100vw, 300px\" srcset=\"http:\/\/grundschule-am-papenberg.de\/wordpress\/wp-content\/uploads\/2025\/12\/68-300x169.jpg 300w, http:\/\/grundschule-am-papenberg.de\/wordpress\/wp-content\/uploads\/2025\/12\/68-1024x576.jpg 1024w, http:\/\/grundschule-am-papenberg.de\/wordpress\/wp-content\/uploads\/2025\/12\/68-768x432.jpg 768w, http:\/\/grundschule-am-papenberg.de\/wordpress\/wp-content\/uploads\/2025\/12\/68-409x230.jpg 409w, http:\/\/grundschule-am-papenberg.de\/wordpress\/wp-content\/uploads\/2025\/12\/68.jpg 1280w\" sizes=\"(max-width: 300px) 100vw, 300px\" \/>\n\t\t<div class=\"figc\">\n\t\t\t<div class=\"figc-inner\">\n\t\t\t\t\t\t\t\t\t\t\t\t\t<p class=\"description\">Die Kinder der DFLG 1 und 2 pr\u00e4sentierten das Lied \"Schneefl\u00f6ckchen Wei\u00dfr\u00f6ckchen\"<\/p>\n\t\t\t\t\t\t\t\t\t\t\t<\/div>\n\t\t<\/div>\n\n\t<\/div>\n\n<\/div><div class=\"modula-item effect-pufrobo\" >\n\t<div class=\"modula-item-overlay\"><\/div>\n\n\t<div class=\"modula-item-content\">\n\n\t\t\t\t\n\t\t\t\t\t<a data-image-id=\"6172\" tabindex=\"0\" rel=\"jtg-6178\" data-caption=\"Unser Lehrerinnenchor sang wunderbar!\" aria-label=\"Open image in lightbox\" role=\"button\" class=\"tile-inner modula-item-link\"><\/a>\n\t\t\n\t\t<img class=\"pic wp-image-6172 lazyload\"  data-valign=\"middle\" data-halign=\"center\" alt=\"\" data-full=\"http:\/\/grundschule-am-papenberg.de\/wordpress\/wp-content\/uploads\/2025\/12\/69.jpg\" title=\"Unser Lehrerinnenchor sang wunderbar!\" width=\"300\" height=\"169\" data-src=\"http:\/\/grundschule-am-papenberg.de\/wordpress\/wp-content\/uploads\/2025\/12\/69-300x169.jpg\" data-caption=\"Unser Lehrerinnenchor sang wunderbar!\" data-source=\"modula\" data-srcset=\"http:\/\/grundschule-am-papenberg.de\/wordpress\/wp-content\/uploads\/2025\/12\/69.jpg 1280w, http:\/\/grundschule-am-papenberg.de\/wordpress\/wp-content\/uploads\/2025\/12\/69-300x169.jpg 300w, http:\/\/grundschule-am-papenberg.de\/wordpress\/wp-content\/uploads\/2025\/12\/69-1024x576.jpg 1024w, http:\/\/grundschule-am-papenberg.de\/wordpress\/wp-content\/uploads\/2025\/12\/69-768x432.jpg 768w, http:\/\/grundschule-am-papenberg.de\/wordpress\/wp-content\/uploads\/2025\/12\/69-409x230.jpg 409w\" data-sizes=\"(max-width: 300px) 100vw, 300px\" srcset=\"http:\/\/grundschule-am-papenberg.de\/wordpress\/wp-content\/uploads\/2025\/12\/69-300x169.jpg 300w, http:\/\/grundschule-am-papenberg.de\/wordpress\/wp-content\/uploads\/2025\/12\/69-1024x576.jpg 1024w, http:\/\/grundschule-am-papenberg.de\/wordpress\/wp-content\/uploads\/2025\/12\/69-768x432.jpg 768w, http:\/\/grundschule-am-papenberg.de\/wordpress\/wp-content\/uploads\/2025\/12\/69-409x230.jpg 409w, http:\/\/grundschule-am-papenberg.de\/wordpress\/wp-content\/uploads\/2025\/12\/69.jpg 1280w\" sizes=\"(max-width: 300px) 100vw, 300px\" \/>\n\t\t<div class=\"figc\">\n\t\t\t<div class=\"figc-inner\">\n\t\t\t\t\t\t\t\t\t\t\t\t\t<p class=\"description\">Unser Lehrerinnenchor sang wunderbar!<\/p>\n\t\t\t\t\t\t\t\t\t\t\t<\/div>\n\t\t<\/div>\n\n\t<\/div>\n\n<\/div>\t\t\n\t<\/div>\n\n\t\n\t\n\t<script type=\"application\/ld+json\">\n\t{\n\t\t\"@context\": \"http:\/\/schema.org\",\n\t\t\"@type\"   : \"ImageGallery\",\n\t\t\"id\"      : \"http:\/\/grundschule-am-papenberg.de\/?p=6171\/\",\n\t\t\"url\"     : \"http:\/\/grundschule-am-papenberg.de\/?p=6171\/\"\n\t}\n\n\t<\/script>\n\n\t\n<\/div>","protected":false},"excerpt":{"rendered":"<p>Am heutigen Morgen versammelten sich alle Schulkinder im wundersch\u00f6n weihnachtlich geschm\u00fcckten Atrium unserer Grundschule Am Papenberg, um gemeinsam zu singen und die Vorfreude auf das Weihnachtsfest zu teilen. In festlicher Atmosph\u00e4re erklangen bekannte Weihnachtslieder und stimmungsvolle Melodien. Ein besonderes Highlight waren die Tanzdarbietungen unserer Kinder der VH-Line-Dance, die gemeinsam mit der Line-Dance-Gruppe &#8222;Black Dogs&#8220; auftraten [&hellip;]<\/p>\n","protected":false},"author":10,"featured_media":6174,"comment_status":"closed","ping_status":"closed","sticky":false,"template":"","format":"standard","meta":{"footnotes":""},"categories":[1],"tags":[],"class_list":["post-6171","post","type-post","status-publish","format-standard","has-post-thumbnail","hentry","category-allgemein"],"_links":{"self":[{"href":"http:\/\/grundschule-am-papenberg.de\/index.php?rest_route=\/wp\/v2\/posts\/6171","targetHints":{"allow":["GET"]}}],"collection":[{"href":"http:\/\/grundschule-am-papenberg.de\/index.php?rest_route=\/wp\/v2\/posts"}],"about":[{"href":"http:\/\/grundschule-am-papenberg.de\/index.php?rest_route=\/wp\/v2\/types\/post"}],"author":[{"embeddable":true,"href":"http:\/\/grundschule-am-papenberg.de\/index.php?rest_route=\/wp\/v2\/users\/10"}],"replies":[{"embeddable":true,"href":"http:\/\/grundschule-am-papenberg.de\/index.php?rest_route=%2Fwp%2Fv2%2Fcomments&post=6171"}],"version-history":[{"count":2,"href":"http:\/\/grundschule-am-papenberg.de\/index.php?rest_route=\/wp\/v2\/posts\/6171\/revisions"}],"predecessor-version":[{"id":6272,"href":"http:\/\/grundschule-am-papenberg.de\/index.php?rest_route=\/wp\/v2\/posts\/6171\/revisions\/6272"}],"wp:featuredmedia":[{"embeddable":true,"href":"http:\/\/grundschule-am-papenberg.de\/index.php?rest_route=\/wp\/v2\/media\/6174"}],"wp:attachment":[{"href":"http:\/\/grundschule-am-papenberg.de\/index.php?rest_route=%2Fwp%2Fv2%2Fmedia&parent=6171"}],"wp:term":[{"taxonomy":"category","embeddable":true,"href":"http:\/\/grundschule-am-papenberg.de\/index.php?rest_route=%2Fwp%2Fv2%2Fcategories&post=6171"},{"taxonomy":"post_tag","embeddable":true,"href":"http:\/\/grundschule-am-papenberg.de\/index.php?rest_route=%2Fwp%2Fv2%2Ftags&post=6171"}],"curies":[{"name":"wp","href":"https:\/\/api.w.org\/{rel}","templated":true}]}}