{"id":6140,"date":"2025-11-04T11:33:33","date_gmt":"2025-11-04T10:33:33","guid":{"rendered":"http:\/\/grundschule-am-papenberg.de\/?p=6140"},"modified":"2025-11-04T11:33:34","modified_gmt":"2025-11-04T10:33:34","slug":"herbstliederprojekt-in-der-georgenkirche-ein-unvergessliches-erlebnis-fuer-die-2-klassen","status":"publish","type":"post","link":"http:\/\/grundschule-am-papenberg.de\/?p=6140","title":{"rendered":"Herbstliederprojekt in der Georgenkirche \u2013 Ein unvergessliches Erlebnis f\u00fcr die 2. Klassen"},"content":{"rendered":"\n<p data-start=\"330\" data-end=\"668\">Am 29. Oktober hatten die Sch\u00fclerinnen und Sch\u00fcler der 2. Klassen unserer Grundschule das Vergn\u00fcgen, im Rahmen des Herbstliederprojekts die Georgenkirche in Waren (M\u00fcritz) zu besuchen. Begleitet wurden die Kinder von ihren Klassenlehrerinnen, die dieses au\u00dfergew\u00f6hnliche musikalische Erlebnis gemeinsam ihnen \u00fcber viele Wochen vorbereitet hatten.<\/p>\n<p data-start=\"670\" data-end=\"980\">Schon beim Betreten der Kirche wurden die Kinder von Frau Drese herzlich begr\u00fc\u00dft und in die wunderbare Atmosph\u00e4re des historischen Geb\u00e4udes eingef\u00fchrt. Sie erz\u00e4hlte viel Interessantes \u00fcber die Georgenkirche, und die Kinder konnten so nicht nur musikalisch, sondern auch geschichtlich in das Projekt eintauchen.<\/p>\n<p data-start=\"982\" data-end=\"1382\">Das Highlight des Vormittags war nat\u00fcrlich das Singen der Herbstlieder. Die Kinder konnten den Kl\u00e4ngen der Orgel lauschen und die tolle Akustik der Kirche erleben. Die war besonders bewegend!<\/p>\n<p data-start=\"1384\" data-end=\"1446\">Die einzelnen Klassen trugen ihre Lieder mit Begeisterung vor:<\/p>\n<ul data-start=\"1448\" data-end=\"1628\">\n<li data-start=\"1448\" data-end=\"1493\">\n<p data-start=\"1450\" data-end=\"1493\"><strong data-start=\"1450\" data-end=\"1456\">2a<\/strong> sang \u201eWenn die sieben Winde st\u00fcrmen\u201c-<\/p>\n<\/li>\n<li data-start=\"1494\" data-end=\"1569\">\n<p data-start=\"1496\" data-end=\"1569\"><strong data-start=\"1496\" data-end=\"1502\">2b<\/strong> brachte das fr\u00f6hliche Lied \u201eSieben kunterbunte Drachen\u201c zum Besten.<\/p>\n<\/li>\n<li data-start=\"1570\" data-end=\"1628\">\n<p data-start=\"1572\" data-end=\"1628\"><strong data-start=\"1572\" data-end=\"1578\">2c<\/strong> stimmte das stimmungsvolle \u201eDer Herbst ist da\u201c an.<\/p>\n<\/li>\n<\/ul>\n<p data-start=\"1630\" data-end=\"1878\">Neben den Herbstliedern haben die Kinder auch verschiedene Herbstgedichte einge\u00fcbt, die sie in der Kirche auf ganz besondere Weise vortragen durften. Die Gedichte wurden mit viel Gef\u00fchl und Freude dargeboten und sorgten f\u00fcr eine wunderbare Stimmung im Raum.<\/p>\n<p data-start=\"1880\" data-end=\"2230\">Dieses Projekt war f\u00fcr alle Beteiligten ein rundes und bereicherndes Erlebnis, das die Kinder nicht nur musikalisch, sondern auch im Hinblick auf Teamarbeit und Kreativit\u00e4t f\u00f6rderte. Wir sind uns einig, dass dieses Herbstliederprojekt in der Georgenkirche ein j\u00e4hrliches Highlight werden k\u00f6nnte, das den Kindern noch lange in Erinnerung bleiben wird.<\/p>\n<p data-start=\"1880\" data-end=\"2230\">\u00a0<\/p>\n<p data-start=\"1880\" data-end=\"2230\">(Bilder folgen!) \ud83d\ude42<\/p>\n","protected":false},"excerpt":{"rendered":"<p>Am 29. Oktober hatten die Sch\u00fclerinnen und Sch\u00fcler der 2. Klassen unserer Grundschule das Vergn\u00fcgen, im Rahmen des Herbstliederprojekts die Georgenkirche in Waren (M\u00fcritz) zu besuchen. Begleitet wurden die Kinder von ihren Klassenlehrerinnen, die dieses au\u00dfergew\u00f6hnliche musikalische Erlebnis gemeinsam ihnen \u00fcber viele Wochen vorbereitet hatten. Schon beim Betreten der Kirche wurden die Kinder von Frau [&hellip;]<\/p>\n","protected":false},"author":10,"featured_media":0,"comment_status":"closed","ping_status":"closed","sticky":false,"template":"","format":"standard","meta":{"footnotes":""},"categories":[1],"tags":[],"class_list":["post-6140","post","type-post","status-publish","format-standard","hentry","category-allgemein"],"_links":{"self":[{"href":"http:\/\/grundschule-am-papenberg.de\/index.php?rest_route=\/wp\/v2\/posts\/6140","targetHints":{"allow":["GET"]}}],"collection":[{"href":"http:\/\/grundschule-am-papenberg.de\/index.php?rest_route=\/wp\/v2\/posts"}],"about":[{"href":"http:\/\/grundschule-am-papenberg.de\/index.php?rest_route=\/wp\/v2\/types\/post"}],"author":[{"embeddable":true,"href":"http:\/\/grundschule-am-papenberg.de\/index.php?rest_route=\/wp\/v2\/users\/10"}],"replies":[{"embeddable":true,"href":"http:\/\/grundschule-am-papenberg.de\/index.php?rest_route=%2Fwp%2Fv2%2Fcomments&post=6140"}],"version-history":[{"count":1,"href":"http:\/\/grundschule-am-papenberg.de\/index.php?rest_route=\/wp\/v2\/posts\/6140\/revisions"}],"predecessor-version":[{"id":6141,"href":"http:\/\/grundschule-am-papenberg.de\/index.php?rest_route=\/wp\/v2\/posts\/6140\/revisions\/6141"}],"wp:attachment":[{"href":"http:\/\/grundschule-am-papenberg.de\/index.php?rest_route=%2Fwp%2Fv2%2Fmedia&parent=6140"}],"wp:term":[{"taxonomy":"category","embeddable":true,"href":"http:\/\/grundschule-am-papenberg.de\/index.php?rest_route=%2Fwp%2Fv2%2Fcategories&post=6140"},{"taxonomy":"post_tag","embeddable":true,"href":"http:\/\/grundschule-am-papenberg.de\/index.php?rest_route=%2Fwp%2Fv2%2Ftags&post=6140"}],"curies":[{"name":"wp","href":"https:\/\/api.w.org\/{rel}","templated":true}]}}