{"id":6108,"date":"2025-10-13T18:50:03","date_gmt":"2025-10-13T16:50:03","guid":{"rendered":"http:\/\/grundschule-am-papenberg.de\/?p=6108"},"modified":"2025-10-13T18:50:06","modified_gmt":"2025-10-13T16:50:06","slug":"apfelbaum-challenge","status":"publish","type":"post","link":"http:\/\/grundschule-am-papenberg.de\/?p=6108","title":{"rendered":"Apfelbaum-Challenge &#x1f333;&#x1f34e;"},"content":{"rendered":"\n<p data-start=\"188\" data-end=\"534\">Heute wurde es im Obst- und Gem\u00fcsegarten des Hortzentrums Ost neben unserer Grundschule Am Papenberg richtig spannend: Gemeinsam mit einer zweiten Klasse durfte dort ein junger <strong data-start=\"365\" data-end=\"378\">Apfelbaum<\/strong> gepflanzt werden! Anlass war die <strong data-start=\"412\" data-end=\"435\">Apfelbaum-Challenge<\/strong>, zu der das <strong data-start=\"448\" data-end=\"472\">Autohaus Schlingmann<\/strong> in Waren (M\u00fcritz) in den vergangenen Tagen nominiert wurde.<\/p>\n<p data-start=\"536\" data-end=\"859\">Mit viel Begeisterung und gro\u00dfem Interesse beobachteten die Kinder, wie der kr\u00e4ftige Wurzelballen in der Erde verschwand und der kleine Baum schlie\u00dflich gut angegossen wurde \u2013 bereit, an seinem neuen Platz Wurzeln zu schlagen. Als Dankesch\u00f6n und kleine St\u00e4rkung gab es vom Autohaus <strong data-start=\"818\" data-end=\"856\">frische \u00c4pfel f\u00fcr die ganze Klasse<\/strong>.<\/p>\n<p data-start=\"861\" data-end=\"1112\">Wir freuen uns sehr \u00fcber diese sch\u00f6ne Aktion und sind gespannt, wie gro\u00df und stark unser Apfelbaum schon bald sein wird. &#x1f33f;<br data-start=\"984\" data-end=\"987\" \/>Ein herzliches Dankesch\u00f6n an das Autohaus Schlingmann f\u00fcr dieses tolle Zeichen f\u00fcr mehr <strong data-start=\"1074\" data-end=\"1109\">Umweltschutz und Nachhaltigkeit<\/strong>! &#x1f333;&#x1f34e;<\/p>\n<p data-start=\"861\" data-end=\"1112\">\u00a0<\/p>\n\n\n\n<figure class=\"wp-block-image size-large\"><img loading=\"lazy\" decoding=\"async\" width=\"1024\" height=\"576\" src=\"http:\/\/grundschule-am-papenberg.de\/wordpress\/wp-content\/uploads\/2025\/10\/16-1024x576.jpg\" alt=\"\" class=\"wp-image-6109\" srcset=\"http:\/\/grundschule-am-papenberg.de\/wordpress\/wp-content\/uploads\/2025\/10\/16-1024x576.jpg 1024w, http:\/\/grundschule-am-papenberg.de\/wordpress\/wp-content\/uploads\/2025\/10\/16-300x169.jpg 300w, http:\/\/grundschule-am-papenberg.de\/wordpress\/wp-content\/uploads\/2025\/10\/16-768x432.jpg 768w, http:\/\/grundschule-am-papenberg.de\/wordpress\/wp-content\/uploads\/2025\/10\/16-409x230.jpg 409w, http:\/\/grundschule-am-papenberg.de\/wordpress\/wp-content\/uploads\/2025\/10\/16.jpg 1280w\" sizes=\"auto, (max-width: 1024px) 100vw, 1024px\" \/><\/figure>\n\n\n\n<p><\/p>\n\n\n\n<figure class=\"wp-block-gallery has-nested-images columns-default is-cropped wp-block-gallery-1 is-layout-flex wp-block-gallery-is-layout-flex\">\n<figure class=\"wp-block-image size-large\"><img loading=\"lazy\" decoding=\"async\" width=\"1024\" height=\"576\" data-id=\"6111\" src=\"http:\/\/grundschule-am-papenberg.de\/wordpress\/wp-content\/uploads\/2025\/10\/17-1024x576.jpg\" alt=\"\" class=\"wp-image-6111\" srcset=\"http:\/\/grundschule-am-papenberg.de\/wordpress\/wp-content\/uploads\/2025\/10\/17-1024x576.jpg 1024w, http:\/\/grundschule-am-papenberg.de\/wordpress\/wp-content\/uploads\/2025\/10\/17-300x169.jpg 300w, http:\/\/grundschule-am-papenberg.de\/wordpress\/wp-content\/uploads\/2025\/10\/17-768x432.jpg 768w, http:\/\/grundschule-am-papenberg.de\/wordpress\/wp-content\/uploads\/2025\/10\/17-409x230.jpg 409w, http:\/\/grundschule-am-papenberg.de\/wordpress\/wp-content\/uploads\/2025\/10\/17.jpg 1280w\" sizes=\"auto, (max-width: 1024px) 100vw, 1024px\" \/><\/figure>\n<\/figure>\n\n\n","protected":false},"excerpt":{"rendered":"<p>Heute wurde es im Obst- und Gem\u00fcsegarten des Hortzentrums Ost neben unserer Grundschule Am Papenberg richtig spannend: Gemeinsam mit einer zweiten Klasse durfte dort ein junger Apfelbaum gepflanzt werden! Anlass war die Apfelbaum-Challenge, zu der das Autohaus Schlingmann in Waren (M\u00fcritz) in den vergangenen Tagen nominiert wurde. Mit viel Begeisterung und gro\u00dfem Interesse beobachteten die [&hellip;]<\/p>\n","protected":false},"author":10,"featured_media":6110,"comment_status":"closed","ping_status":"closed","sticky":false,"template":"","format":"standard","meta":{"footnotes":""},"categories":[1],"tags":[],"class_list":["post-6108","post","type-post","status-publish","format-standard","has-post-thumbnail","hentry","category-allgemein"],"_links":{"self":[{"href":"http:\/\/grundschule-am-papenberg.de\/index.php?rest_route=\/wp\/v2\/posts\/6108","targetHints":{"allow":["GET"]}}],"collection":[{"href":"http:\/\/grundschule-am-papenberg.de\/index.php?rest_route=\/wp\/v2\/posts"}],"about":[{"href":"http:\/\/grundschule-am-papenberg.de\/index.php?rest_route=\/wp\/v2\/types\/post"}],"author":[{"embeddable":true,"href":"http:\/\/grundschule-am-papenberg.de\/index.php?rest_route=\/wp\/v2\/users\/10"}],"replies":[{"embeddable":true,"href":"http:\/\/grundschule-am-papenberg.de\/index.php?rest_route=%2Fwp%2Fv2%2Fcomments&post=6108"}],"version-history":[{"count":2,"href":"http:\/\/grundschule-am-papenberg.de\/index.php?rest_route=\/wp\/v2\/posts\/6108\/revisions"}],"predecessor-version":[{"id":6113,"href":"http:\/\/grundschule-am-papenberg.de\/index.php?rest_route=\/wp\/v2\/posts\/6108\/revisions\/6113"}],"wp:featuredmedia":[{"embeddable":true,"href":"http:\/\/grundschule-am-papenberg.de\/index.php?rest_route=\/wp\/v2\/media\/6110"}],"wp:attachment":[{"href":"http:\/\/grundschule-am-papenberg.de\/index.php?rest_route=%2Fwp%2Fv2%2Fmedia&parent=6108"}],"wp:term":[{"taxonomy":"category","embeddable":true,"href":"http:\/\/grundschule-am-papenberg.de\/index.php?rest_route=%2Fwp%2Fv2%2Fcategories&post=6108"},{"taxonomy":"post_tag","embeddable":true,"href":"http:\/\/grundschule-am-papenberg.de\/index.php?rest_route=%2Fwp%2Fv2%2Ftags&post=6108"}],"curies":[{"name":"wp","href":"https:\/\/api.w.org\/{rel}","templated":true}]}}