{"id":6023,"date":"2025-09-07T13:50:11","date_gmt":"2025-09-07T11:50:11","guid":{"rendered":"http:\/\/grundschule-am-papenberg.de\/?p=6023"},"modified":"2025-09-08T20:17:57","modified_gmt":"2025-09-08T18:17:57","slug":"unsere-einschulungsfeier-2025-ein-strahlender-auftakt-samt-schultuetenbaeumchen","status":"publish","type":"post","link":"http:\/\/grundschule-am-papenberg.de\/?p=6023","title":{"rendered":"Unsere Einschulungsfeier 2025 \u2013 Ein strahlender Auftakt samt Schult\u00fctenb\u00e4umchen"},"content":{"rendered":"\n<p data-start=\"145\" data-end=\"416\">Wir blicken voller Freude auf die Einschulungsfeier zur\u00fcck, mit der wir die neuen Klassen <strong data-start=\"244\" data-end=\"258\">1a, 1b, 1c<\/strong> und die <strong data-start=\"267\" data-end=\"277\">DFLG 1<\/strong> bei herrlichem Sommerwetter in unserem Haus willkommen hei\u00dfen durften. Unser Atrium empfing die vielen fr\u00f6hlichen Familien an ihrem gro\u00dfen Festtag.<\/p>\n<p data-start=\"418\" data-end=\"803\">Ein besonderes Highlight des B\u00fchnenprogramms war der stimmungsvolle Auftritt des Sch\u00fclerchores unter der Leitung von <strong data-start=\"535\" data-end=\"549\">Frau Labes<\/strong>. Mit Liedern zum Mitsingen sorgten unsere S\u00e4ngerinnen und S\u00e4nger f\u00fcr viel Begeisterung \u2013 allen voran mit dem Mitmachsong <strong data-start=\"671\" data-end=\"695\">\u201eIch bin l\u00f6wenstark\u201c<\/strong>, der mit seinem mutmachenden Text f\u00fcr einen ganz besonderen Moment und viele strahlende Gesichter sorgte.<\/p>\n<p data-start=\"805\" data-end=\"1337\">Ein weiteres Highlight in diesem Jahr war unser neuer und wundersch\u00f6ner <strong data-start=\"877\" data-end=\"895\">Schult\u00fctenbaum<\/strong>, ein gro\u00dfz\u00fcgiges Geschenk der <strong data-start=\"926\" data-end=\"946\">Firma Eggersmann<\/strong>. Das dunkelblaue Metallobjekt bietet Platz f\u00fcr bis zu 28 Schult\u00fcten unserer Erstkl\u00e4sslerinnen und Erstkl\u00e4ssler und verleiht dem Moment der Einschulung eine festliche, zugleich symboltr\u00e4chtige B\u00fchne. Die Sch\u00e4tze der Kinder erhalten von nun an einen besonders w\u00fcrdigen Platz im Mittelpunkt unserer Einschulungsfeiern. Wir danken der Firma Eggersmann herzlich f\u00fcr dieses liebevolle Geschenk!<\/p>\n<p data-start=\"1339\" data-end=\"1467\">Nun freuen wir uns darauf, mit unseren neuen Sch\u00fclerinnen und Sch\u00fclern eine starke, bunte und fr\u00f6hliche Schulzeit zu beginnen!<\/p>\n<p data-start=\"1339\" data-end=\"1467\">\u00a0<\/p>\n\n\n\n<figure class=\"wp-block-image size-large\"><img loading=\"lazy\" decoding=\"async\" width=\"768\" height=\"1024\" src=\"http:\/\/grundschule-am-papenberg.de\/wordpress\/wp-content\/uploads\/2025\/09\/3bdfeae7-4c9a-4a93-858e-19efcdd29d0b-768x1024.jpeg\" alt=\"\" class=\"wp-image-6025\" srcset=\"http:\/\/grundschule-am-papenberg.de\/wordpress\/wp-content\/uploads\/2025\/09\/3bdfeae7-4c9a-4a93-858e-19efcdd29d0b-768x1024.jpeg 768w, http:\/\/grundschule-am-papenberg.de\/wordpress\/wp-content\/uploads\/2025\/09\/3bdfeae7-4c9a-4a93-858e-19efcdd29d0b-225x300.jpeg 225w, http:\/\/grundschule-am-papenberg.de\/wordpress\/wp-content\/uploads\/2025\/09\/3bdfeae7-4c9a-4a93-858e-19efcdd29d0b-1152x1536.jpeg 1152w, http:\/\/grundschule-am-papenberg.de\/wordpress\/wp-content\/uploads\/2025\/09\/3bdfeae7-4c9a-4a93-858e-19efcdd29d0b-173x230.jpeg 173w, http:\/\/grundschule-am-papenberg.de\/wordpress\/wp-content\/uploads\/2025\/09\/3bdfeae7-4c9a-4a93-858e-19efcdd29d0b.jpeg 1200w\" sizes=\"auto, (max-width: 768px) 100vw, 768px\" \/><figcaption class=\"wp-element-caption\">Der wunderbare &#8222;Schult\u00fctenbaum&#8220; der Firma Eggersmann wurde eingeweiht.<\/figcaption><\/figure>\n\n\n\n\n\n<figure class=\"wp-block-gallery has-nested-images columns-default is-cropped wp-block-gallery-1 is-layout-flex wp-block-gallery-is-layout-flex\">\n<figure class=\"wp-block-image size-large\"><img loading=\"lazy\" decoding=\"async\" width=\"619\" height=\"1024\" data-id=\"6026\" src=\"http:\/\/grundschule-am-papenberg.de\/wordpress\/wp-content\/uploads\/2025\/09\/c1340cce-8716-4b36-9c16-1a06025c83ab-619x1024.jpeg\" alt=\"\" class=\"wp-image-6026\" srcset=\"http:\/\/grundschule-am-papenberg.de\/wordpress\/wp-content\/uploads\/2025\/09\/c1340cce-8716-4b36-9c16-1a06025c83ab-619x1024.jpeg 619w, http:\/\/grundschule-am-papenberg.de\/wordpress\/wp-content\/uploads\/2025\/09\/c1340cce-8716-4b36-9c16-1a06025c83ab-181x300.jpeg 181w, http:\/\/grundschule-am-papenberg.de\/wordpress\/wp-content\/uploads\/2025\/09\/c1340cce-8716-4b36-9c16-1a06025c83ab-139x230.jpeg 139w, http:\/\/grundschule-am-papenberg.de\/wordpress\/wp-content\/uploads\/2025\/09\/c1340cce-8716-4b36-9c16-1a06025c83ab.jpeg 761w\" sizes=\"auto, (max-width: 619px) 100vw, 619px\" \/><figcaption class=\"wp-element-caption\">Das Atrium wurde f\u00fcr unsere Einschulungsfeier nat\u00fcrlich sommerlich geschm\u00fcckt.<\/figcaption><\/figure>\n<\/figure>\n\n\n\n\n\n<p><\/p>\n\n\n\n<figure class=\"wp-block-gallery has-nested-images columns-default is-cropped wp-block-gallery-2 is-layout-flex wp-block-gallery-is-layout-flex\">\n<figure class=\"wp-block-image size-large\"><img loading=\"lazy\" decoding=\"async\" width=\"1024\" height=\"768\" data-id=\"6033\" src=\"http:\/\/grundschule-am-papenberg.de\/wordpress\/wp-content\/uploads\/2025\/09\/cfacf0c1-7b9a-4565-ad20-1f4f77cd67f1-1-1024x768.jpeg\" alt=\"\" class=\"wp-image-6033\" srcset=\"http:\/\/grundschule-am-papenberg.de\/wordpress\/wp-content\/uploads\/2025\/09\/cfacf0c1-7b9a-4565-ad20-1f4f77cd67f1-1-1024x768.jpeg 1024w, http:\/\/grundschule-am-papenberg.de\/wordpress\/wp-content\/uploads\/2025\/09\/cfacf0c1-7b9a-4565-ad20-1f4f77cd67f1-1-300x225.jpeg 300w, http:\/\/grundschule-am-papenberg.de\/wordpress\/wp-content\/uploads\/2025\/09\/cfacf0c1-7b9a-4565-ad20-1f4f77cd67f1-1-768x576.jpeg 768w, http:\/\/grundschule-am-papenberg.de\/wordpress\/wp-content\/uploads\/2025\/09\/cfacf0c1-7b9a-4565-ad20-1f4f77cd67f1-1-1536x1152.jpeg 1536w, http:\/\/grundschule-am-papenberg.de\/wordpress\/wp-content\/uploads\/2025\/09\/cfacf0c1-7b9a-4565-ad20-1f4f77cd67f1-1-307x230.jpeg 307w, http:\/\/grundschule-am-papenberg.de\/wordpress\/wp-content\/uploads\/2025\/09\/cfacf0c1-7b9a-4565-ad20-1f4f77cd67f1-1.jpeg 1600w\" sizes=\"auto, (max-width: 1024px) 100vw, 1024px\" \/><\/figure>\n<\/figure>\n","protected":false},"excerpt":{"rendered":"<p>Wir blicken voller Freude auf die Einschulungsfeier zur\u00fcck, mit der wir die neuen Klassen 1a, 1b, 1c und die DFLG 1 bei herrlichem Sommerwetter in unserem Haus willkommen hei\u00dfen durften. Unser Atrium empfing die vielen fr\u00f6hlichen Familien an ihrem gro\u00dfen Festtag. Ein besonderes Highlight des B\u00fchnenprogramms war der stimmungsvolle Auftritt des Sch\u00fclerchores unter der Leitung [&hellip;]<\/p>\n","protected":false},"author":10,"featured_media":6030,"comment_status":"closed","ping_status":"closed","sticky":false,"template":"","format":"standard","meta":{"footnotes":""},"categories":[1],"tags":[],"class_list":["post-6023","post","type-post","status-publish","format-standard","has-post-thumbnail","hentry","category-allgemein"],"_links":{"self":[{"href":"http:\/\/grundschule-am-papenberg.de\/index.php?rest_route=\/wp\/v2\/posts\/6023","targetHints":{"allow":["GET"]}}],"collection":[{"href":"http:\/\/grundschule-am-papenberg.de\/index.php?rest_route=\/wp\/v2\/posts"}],"about":[{"href":"http:\/\/grundschule-am-papenberg.de\/index.php?rest_route=\/wp\/v2\/types\/post"}],"author":[{"embeddable":true,"href":"http:\/\/grundschule-am-papenberg.de\/index.php?rest_route=\/wp\/v2\/users\/10"}],"replies":[{"embeddable":true,"href":"http:\/\/grundschule-am-papenberg.de\/index.php?rest_route=%2Fwp%2Fv2%2Fcomments&post=6023"}],"version-history":[{"count":3,"href":"http:\/\/grundschule-am-papenberg.de\/index.php?rest_route=\/wp\/v2\/posts\/6023\/revisions"}],"predecessor-version":[{"id":6035,"href":"http:\/\/grundschule-am-papenberg.de\/index.php?rest_route=\/wp\/v2\/posts\/6023\/revisions\/6035"}],"wp:featuredmedia":[{"embeddable":true,"href":"http:\/\/grundschule-am-papenberg.de\/index.php?rest_route=\/wp\/v2\/media\/6030"}],"wp:attachment":[{"href":"http:\/\/grundschule-am-papenberg.de\/index.php?rest_route=%2Fwp%2Fv2%2Fmedia&parent=6023"}],"wp:term":[{"taxonomy":"category","embeddable":true,"href":"http:\/\/grundschule-am-papenberg.de\/index.php?rest_route=%2Fwp%2Fv2%2Fcategories&post=6023"},{"taxonomy":"post_tag","embeddable":true,"href":"http:\/\/grundschule-am-papenberg.de\/index.php?rest_route=%2Fwp%2Fv2%2Ftags&post=6023"}],"curies":[{"name":"wp","href":"https:\/\/api.w.org\/{rel}","templated":true}]}}