{"id":5919,"date":"2025-07-22T06:45:31","date_gmt":"2025-07-22T04:45:31","guid":{"rendered":"http:\/\/grundschule-am-papenberg.de\/?p=5919"},"modified":"2025-09-01T18:50:16","modified_gmt":"2025-09-01T16:50:16","slug":"schulanmeldung-fuer-das-schuljahr-2026-27","status":"publish","type":"post","link":"http:\/\/grundschule-am-papenberg.de\/?p=5919","title":{"rendered":"Schulanmeldung f\u00fcr das Schuljahr 2026\/27"},"content":{"rendered":"\n\n\n<p style=\"font-weight: 400;\">Sehr geehrte Eltern,<\/p>\n<p style=\"font-weight: 400;\">laut Schulgesetz MV \u00a7 43 sind Sie verpflichtet, Ihr Kind in der zust\u00e4ndigen Grundschule anzumelden. Die Anmeldung gilt f\u00fcr alle M\u00e4dchen und Jungen, die in der Zeit vom 01.07.2025 bis 30.06.2026 sechs Jahre alt werden.<\/p>\n<p style=\"font-weight: 400;\">Alle Kinder (au\u00dfer Anmeldungen an privaten Schulen) aus dem Einzugsbereich der Grundschule Am Papenberg m\u00fcssen erst einmal in der Schule angemeldet werden.<\/p>\n<p style=\"font-weight: 400;\">Bitte vereinbaren Sie <strong><u>telefonisch vorab<\/u><\/strong> in der Zeit vom <strong><u>02.09. bis 05.09.2025<\/u><\/strong>\u00a0im Sekretariat einen Termin! Die pers\u00f6nliche Anmeldung in der Schule findet dann <strong>mit dem Einschulungskind<\/strong> im folgenden Zeitraum statt:\u00a0\u00a0\u00a0\u00a0\u00a0\u00a0\u00a0<\/p>\n<p style=\"font-weight: 400;\"><u>15.09.2025 bis 29.09.2025<\/u><\/p>\n<p style=\"font-weight: 400;\"><strong>Bitte bringen Sie nachfolgende Dokumente mit:<\/strong><\/p>\n<ul>\n<li>Kopie der Geburtsurkunde des Einschulungskindes<\/li>\n<li>Kopie der Sorgerechtserkl\u00e4rung bzw. Negativtest gem\u00e4\u00df \u00a7 58a SGB VIII<\/li>\n<li>Kopie medizinische Gutachten, Therapieberichte (falls vorhanden)<\/li>\n<li>Antr\u00e4ge mit Begr\u00fcndung auf vorzeitige Einschulung, Zur\u00fcckstellung, Beschulung an anderen Schulen<\/li>\n<\/ul>\n<p style=\"font-weight: 400;\"><strong><u>Hinweis zu Anmeldungen an privaten Schulen<\/u><\/strong><\/p>\n<p style=\"font-weight: 400;\">Sie haben Ihr Kind an einer privaten Schule registrieren lassen. Vorbehaltlich der Entscheidung \u00fcber die Aufnahme Ihres Kindes m\u00fcssen Sie sich nicht an der \u00f6rtlich zust\u00e4ndigen Schule pers\u00f6nlich anmelden. Sie senden bitte <strong><u>nur<\/u><\/strong> den \u201eFragebogen Schuleintritt\u201c an <a href=\"mailto:info@gap-waren.de\">info@gap-waren.de<\/a>. Das Formular finden Sie auf unserer Homepage.<\/p>\n<p>\u00a0<\/p>\n<p style=\"font-weight: 400;\">Bei Fragen wenden Sie sich bitte an die Grundschule Am Papenberg.<\/p>\n<p style=\"font-weight: 400;\">Telefon: 03991-665740<\/p>\n<p style=\"font-weight: 400;\">Die Einzugsbereiche k\u00f6nnen Sie auf der <a href=\"https:\/\/www.lk-mecklenburgische-seenplatte.de\/Angebote\/Schuleinzugsbereiche-im-Kartenportal.php?object=tx,2761.5.1&amp;ModID=7&amp;FID=2761.612.1&amp;NavID=2761.8&amp;La=1\">Homepage des LK MSE<\/a> nachlesen.<\/p>\n<p style=\"font-weight: 400;\">\u00a0<\/p>\n<p style=\"font-weight: 400;\">Uta Thiele\u00a0\u00a0\u00a0\u00a0\u00a0\u00a0\u00a0\u00a0\u00a0\u00a0\u00a0\u00a0\u00a0\u00a0\u00a0\u00a0\u00a0\u00a0\u00a0\u00a0\u00a0\u00a0\u00a0\u00a0\u00a0\u00a0\u00a0\u00a0\u00a0\u00a0\u00a0\u00a0\u00a0\u00a0\u00a0\u00a0\u00a0\u00a0\u00a0\u00a0\u00a0\u00a0\u00a0\u00a0\u00a0\u00a0\u00a0\u00a0\u00a0\u00a0\u00a0\u00a0\u00a0<\/p>\n<p style=\"font-weight: 400;\">Schulleiterin GS Am Papenberg\u00a0\u00a0\u00a0\u00a0\u00a0\u00a0\u00a0\u00a0\u00a0\u00a0\u00a0\u00a0\u00a0\u00a0\u00a0\u00a0\u00a0\u00a0\u00a0<\/p>\n<p style=\"font-weight: 400;\">\u00a0<\/p>\n<p style=\"font-weight: 400;\">\u00a0<\/p>\n","protected":false},"excerpt":{"rendered":"<p>Sehr geehrte Eltern, laut Schulgesetz MV \u00a7 43 sind Sie verpflichtet, Ihr Kind in der zust\u00e4ndigen Grundschule anzumelden. Die Anmeldung gilt f\u00fcr alle M\u00e4dchen und Jungen, die in der Zeit vom 01.07.2025 bis 30.06.2026 sechs Jahre alt werden. Alle Kinder (au\u00dfer Anmeldungen an privaten Schulen) aus dem Einzugsbereich der Grundschule Am Papenberg m\u00fcssen erst einmal [&hellip;]<\/p>\n","protected":false},"author":10,"featured_media":0,"comment_status":"closed","ping_status":"closed","sticky":false,"template":"","format":"standard","meta":{"footnotes":""},"categories":[1],"tags":[],"class_list":["post-5919","post","type-post","status-publish","format-standard","hentry","category-allgemein"],"_links":{"self":[{"href":"http:\/\/grundschule-am-papenberg.de\/index.php?rest_route=\/wp\/v2\/posts\/5919","targetHints":{"allow":["GET"]}}],"collection":[{"href":"http:\/\/grundschule-am-papenberg.de\/index.php?rest_route=\/wp\/v2\/posts"}],"about":[{"href":"http:\/\/grundschule-am-papenberg.de\/index.php?rest_route=\/wp\/v2\/types\/post"}],"author":[{"embeddable":true,"href":"http:\/\/grundschule-am-papenberg.de\/index.php?rest_route=\/wp\/v2\/users\/10"}],"replies":[{"embeddable":true,"href":"http:\/\/grundschule-am-papenberg.de\/index.php?rest_route=%2Fwp%2Fv2%2Fcomments&post=5919"}],"version-history":[{"count":3,"href":"http:\/\/grundschule-am-papenberg.de\/index.php?rest_route=\/wp\/v2\/posts\/5919\/revisions"}],"predecessor-version":[{"id":5993,"href":"http:\/\/grundschule-am-papenberg.de\/index.php?rest_route=\/wp\/v2\/posts\/5919\/revisions\/5993"}],"wp:attachment":[{"href":"http:\/\/grundschule-am-papenberg.de\/index.php?rest_route=%2Fwp%2Fv2%2Fmedia&parent=5919"}],"wp:term":[{"taxonomy":"category","embeddable":true,"href":"http:\/\/grundschule-am-papenberg.de\/index.php?rest_route=%2Fwp%2Fv2%2Fcategories&post=5919"},{"taxonomy":"post_tag","embeddable":true,"href":"http:\/\/grundschule-am-papenberg.de\/index.php?rest_route=%2Fwp%2Fv2%2Ftags&post=5919"}],"curies":[{"name":"wp","href":"https:\/\/api.w.org\/{rel}","templated":true}]}}