{"id":5905,"date":"2025-07-16T14:56:13","date_gmt":"2025-07-16T12:56:13","guid":{"rendered":"http:\/\/grundschule-am-papenberg.de\/?p=5905"},"modified":"2025-07-16T14:59:10","modified_gmt":"2025-07-16T12:59:10","slug":"der-kinder-umwelttag-2025-im-mueritzeum","status":"publish","type":"post","link":"http:\/\/grundschule-am-papenberg.de\/?p=5905","title":{"rendered":"Der Kinder-Umwelttag 2025 im M\u00fcritzeum"},"content":{"rendered":"\n<p data-start=\"239\" data-end=\"496\">Auch in diesem Jahr waren viele unserer Sch\u00fclerinnen und Sch\u00fcler beim Kinder-Umwelttag des M\u00fcritzeums in Waren dabei. Gemeinsam mit vielen anderen Schulen der Stadt haben wir einen erlebnisreichen Vormittag rund um das Thema Umwelt und Natur erlebt.<\/p>\n<p data-start=\"498\" data-end=\"1084\">Der liebevoll organisierte Aktionstag bot eine bunte Mischung aus Mitmachstationen, Bastelangeboten und spannenden Lernmomenten. So konnten die Kinder z. B. kleine Papierwindr\u00e4der basteln, an kniffligen Natur-R\u00e4tseln knobeln und viel \u00fcber unsere heimische Tier- und Pflanzenwelt erfahren.\u00a0<\/p>\n<p data-start=\"1086\" data-end=\"1406\">Ein echtes Highlight war der Besuch des Hundevereins Kiebitzberg. Die Kinder durften die Tiere kennenlernen, streicheln und dabei viele wichtige Dinge \u00fcber den Umgang mit den kuscheligen Vierbeinern lernen.<\/p>\n\n\n\n<figure class=\"wp-block-gallery has-nested-images columns-default is-cropped wp-block-gallery-1 is-layout-flex wp-block-gallery-is-layout-flex\">\n<figure class=\"wp-block-image size-large\"><img loading=\"lazy\" decoding=\"async\" width=\"819\" height=\"1024\" data-id=\"5908\" src=\"http:\/\/grundschule-am-papenberg.de\/wordpress\/wp-content\/uploads\/2025\/07\/Umwelttag-8-819x1024.jpg\" alt=\"\" class=\"wp-image-5908\" srcset=\"http:\/\/grundschule-am-papenberg.de\/wordpress\/wp-content\/uploads\/2025\/07\/Umwelttag-8-819x1024.jpg 819w, http:\/\/grundschule-am-papenberg.de\/wordpress\/wp-content\/uploads\/2025\/07\/Umwelttag-8-240x300.jpg 240w, http:\/\/grundschule-am-papenberg.de\/wordpress\/wp-content\/uploads\/2025\/07\/Umwelttag-8-768x960.jpg 768w, http:\/\/grundschule-am-papenberg.de\/wordpress\/wp-content\/uploads\/2025\/07\/Umwelttag-8-184x230.jpg 184w, http:\/\/grundschule-am-papenberg.de\/wordpress\/wp-content\/uploads\/2025\/07\/Umwelttag-8.jpg 1080w\" sizes=\"auto, (max-width: 819px) 100vw, 819px\" \/><\/figure>\n\n\n\n<figure class=\"wp-block-image size-large\"><img loading=\"lazy\" decoding=\"async\" width=\"819\" height=\"1024\" data-id=\"5907\" src=\"http:\/\/grundschule-am-papenberg.de\/wordpress\/wp-content\/uploads\/2025\/07\/Umwelttag-7-819x1024.jpg\" alt=\"\" class=\"wp-image-5907\" srcset=\"http:\/\/grundschule-am-papenberg.de\/wordpress\/wp-content\/uploads\/2025\/07\/Umwelttag-7-819x1024.jpg 819w, http:\/\/grundschule-am-papenberg.de\/wordpress\/wp-content\/uploads\/2025\/07\/Umwelttag-7-240x300.jpg 240w, http:\/\/grundschule-am-papenberg.de\/wordpress\/wp-content\/uploads\/2025\/07\/Umwelttag-7-768x960.jpg 768w, http:\/\/grundschule-am-papenberg.de\/wordpress\/wp-content\/uploads\/2025\/07\/Umwelttag-7-184x230.jpg 184w, http:\/\/grundschule-am-papenberg.de\/wordpress\/wp-content\/uploads\/2025\/07\/Umwelttag-7.jpg 1080w\" sizes=\"auto, (max-width: 819px) 100vw, 819px\" \/><\/figure>\n<\/figure>\n\n\n\n<p><\/p>\n\n\n\n<p data-start=\"1408\" data-end=\"1778\">Der B\u00e4renwald M\u00fcritz war ebenfalls mit einem Stand vertreten und informierte auf kindgerechte Weise \u00fcber artgerechte Tierhaltung und seine geretteten B\u00e4ren. An zahlreichen weiteren Stationen drehte sich alles um Natur, Nachhaltigkeit und Umweltschutz.<\/p>\n<p data-start=\"1780\" data-end=\"2104\">Wir danken dem M\u00fcritzeum und allen beteiligten Organisationen herzlich f\u00fcr diesen rundum gelungenen Tag.<\/p>\n<p data-start=\"1780\" data-end=\"2104\">Umweltbildung ist ein wichtiger Bestandteil unserer Erziehungsarbeit \u2013 und der Kinder-Umwelttag hat einmal mehr gezeigt, wie viel Freude es machen kann, Neues \u00fcber unsere Welt zu lernen und sie dabei besser zu sch\u00fctzen.<\/p>\n\n\n\n<figure class=\"wp-block-image size-large\"><img loading=\"lazy\" decoding=\"async\" width=\"1024\" height=\"576\" src=\"http:\/\/grundschule-am-papenberg.de\/wordpress\/wp-content\/uploads\/2025\/07\/Umwelttag-14-1024x576.jpg\" alt=\"\" class=\"wp-image-5913\" srcset=\"http:\/\/grundschule-am-papenberg.de\/wordpress\/wp-content\/uploads\/2025\/07\/Umwelttag-14-1024x576.jpg 1024w, http:\/\/grundschule-am-papenberg.de\/wordpress\/wp-content\/uploads\/2025\/07\/Umwelttag-14-300x169.jpg 300w, http:\/\/grundschule-am-papenberg.de\/wordpress\/wp-content\/uploads\/2025\/07\/Umwelttag-14-768x432.jpg 768w, http:\/\/grundschule-am-papenberg.de\/wordpress\/wp-content\/uploads\/2025\/07\/Umwelttag-14-1536x864.jpg 1536w, http:\/\/grundschule-am-papenberg.de\/wordpress\/wp-content\/uploads\/2025\/07\/Umwelttag-14-409x230.jpg 409w, http:\/\/grundschule-am-papenberg.de\/wordpress\/wp-content\/uploads\/2025\/07\/Umwelttag-14.jpg 1760w\" sizes=\"auto, (max-width: 1024px) 100vw, 1024px\" \/><figcaption class=\"wp-element-caption\">Die Kinder konnten ihre eigenen kleinen Windr\u00e4der gestalten und zusammenbauen. <\/figcaption><\/figure>\n\n\n\n<figure class=\"wp-block-image size-large\"><img loading=\"lazy\" decoding=\"async\" width=\"1024\" height=\"576\" src=\"http:\/\/grundschule-am-papenberg.de\/wordpress\/wp-content\/uploads\/2025\/07\/Umwelttag-3-1024x576.jpg\" alt=\"\" class=\"wp-image-5911\" srcset=\"http:\/\/grundschule-am-papenberg.de\/wordpress\/wp-content\/uploads\/2025\/07\/Umwelttag-3-1024x576.jpg 1024w, http:\/\/grundschule-am-papenberg.de\/wordpress\/wp-content\/uploads\/2025\/07\/Umwelttag-3-300x169.jpg 300w, http:\/\/grundschule-am-papenberg.de\/wordpress\/wp-content\/uploads\/2025\/07\/Umwelttag-3-768x432.jpg 768w, http:\/\/grundschule-am-papenberg.de\/wordpress\/wp-content\/uploads\/2025\/07\/Umwelttag-3-1536x864.jpg 1536w, http:\/\/grundschule-am-papenberg.de\/wordpress\/wp-content\/uploads\/2025\/07\/Umwelttag-3-409x230.jpg 409w, http:\/\/grundschule-am-papenberg.de\/wordpress\/wp-content\/uploads\/2025\/07\/Umwelttag-3.jpg 1760w\" sizes=\"auto, (max-width: 1024px) 100vw, 1024px\" \/><figcaption class=\"wp-element-caption\">Mit dem Kescher ging es auf die Suche nach den kleinsten Bewohnern in unseren Seen.<\/figcaption><\/figure>\n\n\n\n<figure class=\"wp-block-image size-large\"><img loading=\"lazy\" decoding=\"async\" width=\"1024\" height=\"576\" src=\"http:\/\/grundschule-am-papenberg.de\/wordpress\/wp-content\/uploads\/2025\/07\/Umwelttag-5-1024x576.jpg\" alt=\"\" class=\"wp-image-5912\" srcset=\"http:\/\/grundschule-am-papenberg.de\/wordpress\/wp-content\/uploads\/2025\/07\/Umwelttag-5-1024x576.jpg 1024w, http:\/\/grundschule-am-papenberg.de\/wordpress\/wp-content\/uploads\/2025\/07\/Umwelttag-5-300x169.jpg 300w, http:\/\/grundschule-am-papenberg.de\/wordpress\/wp-content\/uploads\/2025\/07\/Umwelttag-5-768x432.jpg 768w, http:\/\/grundschule-am-papenberg.de\/wordpress\/wp-content\/uploads\/2025\/07\/Umwelttag-5-1536x864.jpg 1536w, http:\/\/grundschule-am-papenberg.de\/wordpress\/wp-content\/uploads\/2025\/07\/Umwelttag-5-409x230.jpg 409w, http:\/\/grundschule-am-papenberg.de\/wordpress\/wp-content\/uploads\/2025\/07\/Umwelttag-5.jpg 1760w\" sizes=\"auto, (max-width: 1024px) 100vw, 1024px\" \/><figcaption class=\"wp-element-caption\">Die Wasserv\u00f6gel freuten sich \u00fcber die Extraportion Vogelfutter.<\/figcaption><\/figure>\n\n\n\n<figure class=\"wp-block-image size-large\"><img loading=\"lazy\" decoding=\"async\" width=\"1024\" height=\"576\" src=\"http:\/\/grundschule-am-papenberg.de\/wordpress\/wp-content\/uploads\/2025\/07\/Umwelttag-1-1024x576.jpg\" alt=\"\" class=\"wp-image-5910\" srcset=\"http:\/\/grundschule-am-papenberg.de\/wordpress\/wp-content\/uploads\/2025\/07\/Umwelttag-1-1024x576.jpg 1024w, http:\/\/grundschule-am-papenberg.de\/wordpress\/wp-content\/uploads\/2025\/07\/Umwelttag-1-300x169.jpg 300w, http:\/\/grundschule-am-papenberg.de\/wordpress\/wp-content\/uploads\/2025\/07\/Umwelttag-1-768x432.jpg 768w, http:\/\/grundschule-am-papenberg.de\/wordpress\/wp-content\/uploads\/2025\/07\/Umwelttag-1-1536x864.jpg 1536w, http:\/\/grundschule-am-papenberg.de\/wordpress\/wp-content\/uploads\/2025\/07\/Umwelttag-1-409x230.jpg 409w, http:\/\/grundschule-am-papenberg.de\/wordpress\/wp-content\/uploads\/2025\/07\/Umwelttag-1.jpg 1760w\" sizes=\"auto, (max-width: 1024px) 100vw, 1024px\" \/><figcaption class=\"wp-element-caption\">Auf dem Dach des M\u00fcritzeums wehte der Wind genau richtig. So konnte man die selbstgemachen Windr\u00e4der testen.<\/figcaption><\/figure>\n\n\n\n\n","protected":false},"excerpt":{"rendered":"<p>Auch in diesem Jahr waren viele unserer Sch\u00fclerinnen und Sch\u00fcler beim Kinder-Umwelttag des M\u00fcritzeums in Waren dabei. Gemeinsam mit vielen anderen Schulen der Stadt haben wir einen erlebnisreichen Vormittag rund um das Thema Umwelt und Natur erlebt. Der liebevoll organisierte Aktionstag bot eine bunte Mischung aus Mitmachstationen, Bastelangeboten und spannenden Lernmomenten. So konnten die Kinder [&hellip;]<\/p>\n","protected":false},"author":10,"featured_media":5906,"comment_status":"closed","ping_status":"closed","sticky":false,"template":"","format":"standard","meta":{"footnotes":""},"categories":[1],"tags":[],"class_list":["post-5905","post","type-post","status-publish","format-standard","has-post-thumbnail","hentry","category-allgemein"],"_links":{"self":[{"href":"http:\/\/grundschule-am-papenberg.de\/index.php?rest_route=\/wp\/v2\/posts\/5905","targetHints":{"allow":["GET"]}}],"collection":[{"href":"http:\/\/grundschule-am-papenberg.de\/index.php?rest_route=\/wp\/v2\/posts"}],"about":[{"href":"http:\/\/grundschule-am-papenberg.de\/index.php?rest_route=\/wp\/v2\/types\/post"}],"author":[{"embeddable":true,"href":"http:\/\/grundschule-am-papenberg.de\/index.php?rest_route=\/wp\/v2\/users\/10"}],"replies":[{"embeddable":true,"href":"http:\/\/grundschule-am-papenberg.de\/index.php?rest_route=%2Fwp%2Fv2%2Fcomments&post=5905"}],"version-history":[{"count":3,"href":"http:\/\/grundschule-am-papenberg.de\/index.php?rest_route=\/wp\/v2\/posts\/5905\/revisions"}],"predecessor-version":[{"id":5916,"href":"http:\/\/grundschule-am-papenberg.de\/index.php?rest_route=\/wp\/v2\/posts\/5905\/revisions\/5916"}],"wp:featuredmedia":[{"embeddable":true,"href":"http:\/\/grundschule-am-papenberg.de\/index.php?rest_route=\/wp\/v2\/media\/5906"}],"wp:attachment":[{"href":"http:\/\/grundschule-am-papenberg.de\/index.php?rest_route=%2Fwp%2Fv2%2Fmedia&parent=5905"}],"wp:term":[{"taxonomy":"category","embeddable":true,"href":"http:\/\/grundschule-am-papenberg.de\/index.php?rest_route=%2Fwp%2Fv2%2Fcategories&post=5905"},{"taxonomy":"post_tag","embeddable":true,"href":"http:\/\/grundschule-am-papenberg.de\/index.php?rest_route=%2Fwp%2Fv2%2Ftags&post=5905"}],"curies":[{"name":"wp","href":"https:\/\/api.w.org\/{rel}","templated":true}]}}