{"id":5883,"date":"2025-07-15T17:16:29","date_gmt":"2025-07-15T15:16:29","guid":{"rendered":"http:\/\/grundschule-am-papenberg.de\/?p=5883"},"modified":"2025-07-15T17:45:56","modified_gmt":"2025-07-15T15:45:56","slug":"bunt-froehlich-und-mittendrin-unsere-schule-beim-kinderfestumzug-des-mueritzfestes","status":"publish","type":"post","link":"http:\/\/grundschule-am-papenberg.de\/?p=5883","title":{"rendered":"Bunt, fr\u00f6hlich und mittendrin \u2013 Unsere Schule beim Kinderfestumzug des M\u00fcritzfestes"},"content":{"rendered":"\n<p data-start=\"252\" data-end=\"567\">In diesem Jahr war es endlich wieder so weit: Beim gro\u00dfen Kinderfestumzug zum 70. M\u00fcritzfest war auch unsere <strong data-start=\"357\" data-end=\"385\">Grundschule Am Papenberg<\/strong> mit dabei \u2013 gemeinsam mit vielen weiteren Schulen und Kitas aus Waren (M\u00fcritz). \u00dcber 1000 Kinder nahmen an diesem besonderen Ereignis teil, das nach \u00fcber 30 Jahren erstmals wieder stattfand.<\/p>\n<p data-start=\"569\" data-end=\"1128\">Ein besonderes Highlight: Alle unsere Sch\u00fclerinnen und Sch\u00fcler trugen <strong>farbenfrohe T-Shirts in den<\/strong> <strong data-start=\"667\" data-end=\"712\">vier Schulfarben Gr\u00fcn, Gelb, Rot und Blau<\/strong>. So ergab sich ein beeindruckendes, buntes Bild, das nicht nur uns, sondern auch den zahlreichen Zuschauerinnen und Zuschauern am Stra\u00dfenrand viel Freude bereitete. Die <strong data-start=\"882\" data-end=\"903\">\u00fcber 350 T-Shirts<\/strong> wurden <strong>gro\u00dfz\u00fcgig finanziert \u2013 zur H\u00e4lfte vom F\u00f6rderverein der Schule<\/strong>, <strong>zur anderen H\u00e4lfte von tollen Sponsoren:<\/strong><\/p>\n<p data-start=\"569\" data-end=\"1128\"><em><strong data-start=\"1024\" data-end=\"1063\">Werbung Schreiner, Ingo Warnke &#8211; Tief- und Rohrleitungsbau, WOGEWA Wohnungsbaugesellschaft Waren mbH, M\u00f6we Teigwarenwerk GmbH und die Gebr\u00fcder Karstens Bauunternehmung GmbH.<\/strong><\/em><\/p>\n<p data-start=\"569\" data-end=\"1128\">Daf\u00fcr m\u00f6chten wir uns an dieser Stelle ganz herzlich bedanken! &#x1f340;&#x1f340;&#x1f340;<\/p>\n\n\n\n<figure class=\"wp-block-image size-large\"><img loading=\"lazy\" decoding=\"async\" width=\"1024\" height=\"576\" src=\"http:\/\/grundschule-am-papenberg.de\/wordpress\/wp-content\/uploads\/2025\/07\/Sponsoren-Danksagung-1024x576.jpg\" alt=\"\" class=\"wp-image-5888\" srcset=\"http:\/\/grundschule-am-papenberg.de\/wordpress\/wp-content\/uploads\/2025\/07\/Sponsoren-Danksagung-1024x576.jpg 1024w, http:\/\/grundschule-am-papenberg.de\/wordpress\/wp-content\/uploads\/2025\/07\/Sponsoren-Danksagung-300x169.jpg 300w, http:\/\/grundschule-am-papenberg.de\/wordpress\/wp-content\/uploads\/2025\/07\/Sponsoren-Danksagung-768x432.jpg 768w, http:\/\/grundschule-am-papenberg.de\/wordpress\/wp-content\/uploads\/2025\/07\/Sponsoren-Danksagung-1536x864.jpg 1536w, http:\/\/grundschule-am-papenberg.de\/wordpress\/wp-content\/uploads\/2025\/07\/Sponsoren-Danksagung-409x230.jpg 409w, http:\/\/grundschule-am-papenberg.de\/wordpress\/wp-content\/uploads\/2025\/07\/Sponsoren-Danksagung.jpg 1760w\" sizes=\"auto, (max-width: 1024px) 100vw, 1024px\" \/><figcaption class=\"wp-element-caption\">Die Kinder der Kunst-VH haben mit Frau Marienhagen eine ganz besondere Danksagung an die Sponsoren gestaltet.<\/figcaption><\/figure>\n\n\n\n<p data-start=\"1130\" data-end=\"1376\">Bei strahlendem Sonnenschein und bester Stimmung zogen unsere Kinder voller Begeisterung durch die Innenstadt. Ein gro\u00dfes Dankesch\u00f6n gilt auch den <strong>vielen engagierten Eltern, die sich im Vorfeld eingebracht und den Umzug aktiv begleitet haben.<\/strong><\/p>\n<p data-start=\"1378\" data-end=\"1470\">Es war ein rundum gelungenes Fest, an das sich die Kinder sicher noch lange erinnern werden!<\/p>\n<p data-start=\"1378\" data-end=\"1470\"><strong data-start=\"236\" data-end=\"243\">PS:<\/strong> Wir haben die besondere Gelegenheit genutzt und am Morgen gemeinsam mit unseren Sch\u00fclerinnen und Sch\u00fclern das Schullogo auf dem gro\u00dfen Schulhof entstehen lassen. Sehen Sie selbst! &#x1f60a;&#x1f973;<\/p>\n\n\n\n<figure class=\"wp-block-image size-large\"><img loading=\"lazy\" decoding=\"async\" width=\"1024\" height=\"576\" src=\"http:\/\/grundschule-am-papenberg.de\/wordpress\/wp-content\/uploads\/2025\/07\/Festumzug-2-1024x576.jpg\" alt=\"\" class=\"wp-image-5891\" srcset=\"http:\/\/grundschule-am-papenberg.de\/wordpress\/wp-content\/uploads\/2025\/07\/Festumzug-2-1024x576.jpg 1024w, http:\/\/grundschule-am-papenberg.de\/wordpress\/wp-content\/uploads\/2025\/07\/Festumzug-2-300x169.jpg 300w, http:\/\/grundschule-am-papenberg.de\/wordpress\/wp-content\/uploads\/2025\/07\/Festumzug-2-768x432.jpg 768w, http:\/\/grundschule-am-papenberg.de\/wordpress\/wp-content\/uploads\/2025\/07\/Festumzug-2-1536x864.jpg 1536w, http:\/\/grundschule-am-papenberg.de\/wordpress\/wp-content\/uploads\/2025\/07\/Festumzug-2-409x230.jpg 409w, http:\/\/grundschule-am-papenberg.de\/wordpress\/wp-content\/uploads\/2025\/07\/Festumzug-2.jpg 1760w\" sizes=\"auto, (max-width: 1024px) 100vw, 1024px\" \/><figcaption class=\"wp-element-caption\">Ein lebendiges Logo auf dem Schulhof. &#x1f60a;<\/figcaption><\/figure>\n\n\n\n<figure class=\"wp-block-video\"><video controls src=\"http:\/\/grundschule-am-papenberg.de\/wordpress\/wp-content\/uploads\/2025\/07\/video-output-43B8919B-570D-4038-8860-C7F68D681253-2.mp4\"><\/video><figcaption class=\"wp-element-caption\">\u00dcber 350 Sch\u00fclerinnen und Sch\u00fcler machen sich auf zum Festumzug! &#x1f60a;&#x1f340;&#x1f4f8;<\/figcaption><\/figure>\n\n\n\n<figure class=\"wp-block-image size-large\"><img loading=\"lazy\" decoding=\"async\" width=\"1024\" height=\"576\" src=\"http:\/\/grundschule-am-papenberg.de\/wordpress\/wp-content\/uploads\/2025\/07\/Festumzug-6-1024x576.jpg\" alt=\"\" class=\"wp-image-5899\" srcset=\"http:\/\/grundschule-am-papenberg.de\/wordpress\/wp-content\/uploads\/2025\/07\/Festumzug-6-1024x576.jpg 1024w, http:\/\/grundschule-am-papenberg.de\/wordpress\/wp-content\/uploads\/2025\/07\/Festumzug-6-300x169.jpg 300w, http:\/\/grundschule-am-papenberg.de\/wordpress\/wp-content\/uploads\/2025\/07\/Festumzug-6-768x432.jpg 768w, http:\/\/grundschule-am-papenberg.de\/wordpress\/wp-content\/uploads\/2025\/07\/Festumzug-6-1536x864.jpg 1536w, http:\/\/grundschule-am-papenberg.de\/wordpress\/wp-content\/uploads\/2025\/07\/Festumzug-6-409x230.jpg 409w, http:\/\/grundschule-am-papenberg.de\/wordpress\/wp-content\/uploads\/2025\/07\/Festumzug-6.jpg 1760w\" sizes=\"auto, (max-width: 1024px) 100vw, 1024px\" \/><figcaption class=\"wp-element-caption\">Am Morgen fand eine gro\u00dfe Sch\u00fclerversammlung im Atrium statt. Die Kinder der VH-Trommeln traten auf.<\/figcaption><\/figure>\n\n\n\n<figure class=\"wp-block-image size-large\"><img loading=\"lazy\" decoding=\"async\" width=\"1024\" height=\"576\" src=\"http:\/\/grundschule-am-papenberg.de\/wordpress\/wp-content\/uploads\/2025\/07\/Festumzug-7-1024x576.jpg\" alt=\"\" class=\"wp-image-5901\" srcset=\"http:\/\/grundschule-am-papenberg.de\/wordpress\/wp-content\/uploads\/2025\/07\/Festumzug-7-1024x576.jpg 1024w, http:\/\/grundschule-am-papenberg.de\/wordpress\/wp-content\/uploads\/2025\/07\/Festumzug-7-300x169.jpg 300w, http:\/\/grundschule-am-papenberg.de\/wordpress\/wp-content\/uploads\/2025\/07\/Festumzug-7-768x432.jpg 768w, http:\/\/grundschule-am-papenberg.de\/wordpress\/wp-content\/uploads\/2025\/07\/Festumzug-7-1536x864.jpg 1536w, http:\/\/grundschule-am-papenberg.de\/wordpress\/wp-content\/uploads\/2025\/07\/Festumzug-7-409x230.jpg 409w, http:\/\/grundschule-am-papenberg.de\/wordpress\/wp-content\/uploads\/2025\/07\/Festumzug-7.jpg 1760w\" sizes=\"auto, (max-width: 1024px) 100vw, 1024px\" \/><figcaption class=\"wp-element-caption\">Der Chor stimmte das Lied unserer Grundschule an.<\/figcaption><\/figure>\n\n\n\n<figure class=\"wp-block-image size-large\"><img loading=\"lazy\" decoding=\"async\" width=\"1024\" height=\"576\" src=\"http:\/\/grundschule-am-papenberg.de\/wordpress\/wp-content\/uploads\/2025\/07\/Festumzug-4-1024x576.jpg\" alt=\"\" class=\"wp-image-5897\" srcset=\"http:\/\/grundschule-am-papenberg.de\/wordpress\/wp-content\/uploads\/2025\/07\/Festumzug-4-1024x576.jpg 1024w, http:\/\/grundschule-am-papenberg.de\/wordpress\/wp-content\/uploads\/2025\/07\/Festumzug-4-300x169.jpg 300w, http:\/\/grundschule-am-papenberg.de\/wordpress\/wp-content\/uploads\/2025\/07\/Festumzug-4-768x432.jpg 768w, http:\/\/grundschule-am-papenberg.de\/wordpress\/wp-content\/uploads\/2025\/07\/Festumzug-4-1536x864.jpg 1536w, http:\/\/grundschule-am-papenberg.de\/wordpress\/wp-content\/uploads\/2025\/07\/Festumzug-4-409x230.jpg 409w, http:\/\/grundschule-am-papenberg.de\/wordpress\/wp-content\/uploads\/2025\/07\/Festumzug-4.jpg 1760w\" sizes=\"auto, (max-width: 1024px) 100vw, 1024px\" \/><figcaption class=\"wp-element-caption\">Auch hier im Atrium wirkten die T-Shirts der vier verschiedenen Klassenstufen bereits fantastisch! &#x1f4f8;&#x1f973;<\/figcaption><\/figure>\n\n\n\n<figure class=\"wp-block-image size-large\"><img loading=\"lazy\" decoding=\"async\" width=\"1024\" height=\"576\" src=\"http:\/\/grundschule-am-papenberg.de\/wordpress\/wp-content\/uploads\/2025\/07\/Festumzug-1-1024x576.jpg\" alt=\"\" class=\"wp-image-5890\" srcset=\"http:\/\/grundschule-am-papenberg.de\/wordpress\/wp-content\/uploads\/2025\/07\/Festumzug-1-1024x576.jpg 1024w, http:\/\/grundschule-am-papenberg.de\/wordpress\/wp-content\/uploads\/2025\/07\/Festumzug-1-300x169.jpg 300w, http:\/\/grundschule-am-papenberg.de\/wordpress\/wp-content\/uploads\/2025\/07\/Festumzug-1-768x432.jpg 768w, http:\/\/grundschule-am-papenberg.de\/wordpress\/wp-content\/uploads\/2025\/07\/Festumzug-1-1536x864.jpg 1536w, http:\/\/grundschule-am-papenberg.de\/wordpress\/wp-content\/uploads\/2025\/07\/Festumzug-1-409x230.jpg 409w, http:\/\/grundschule-am-papenberg.de\/wordpress\/wp-content\/uploads\/2025\/07\/Festumzug-1.jpg 1760w\" sizes=\"auto, (max-width: 1024px) 100vw, 1024px\" \/><figcaption class=\"wp-element-caption\">Die 3. Klassen waren von Kopf bis Fu\u00df auf ihre Farbe eingestellt. Vielen Dank an die vielen flei\u00dfigen Eltern f\u00fcr die tollen Accessoires! &#x1f973;<\/figcaption><\/figure>\n\n\n","protected":false},"excerpt":{"rendered":"<p>In diesem Jahr war es endlich wieder so weit: Beim gro\u00dfen Kinderfestumzug zum 70. M\u00fcritzfest war auch unsere Grundschule Am Papenberg mit dabei \u2013 gemeinsam mit vielen weiteren Schulen und Kitas aus Waren (M\u00fcritz). \u00dcber 1000 Kinder nahmen an diesem besonderen Ereignis teil, das nach \u00fcber 30 Jahren erstmals wieder stattfand. Ein besonderes Highlight: Alle [&hellip;]<\/p>\n","protected":false},"author":10,"featured_media":5892,"comment_status":"closed","ping_status":"closed","sticky":false,"template":"","format":"standard","meta":{"footnotes":""},"categories":[1],"tags":[],"class_list":["post-5883","post","type-post","status-publish","format-standard","has-post-thumbnail","hentry","category-allgemein"],"_links":{"self":[{"href":"http:\/\/grundschule-am-papenberg.de\/index.php?rest_route=\/wp\/v2\/posts\/5883","targetHints":{"allow":["GET"]}}],"collection":[{"href":"http:\/\/grundschule-am-papenberg.de\/index.php?rest_route=\/wp\/v2\/posts"}],"about":[{"href":"http:\/\/grundschule-am-papenberg.de\/index.php?rest_route=\/wp\/v2\/types\/post"}],"author":[{"embeddable":true,"href":"http:\/\/grundschule-am-papenberg.de\/index.php?rest_route=\/wp\/v2\/users\/10"}],"replies":[{"embeddable":true,"href":"http:\/\/grundschule-am-papenberg.de\/index.php?rest_route=%2Fwp%2Fv2%2Fcomments&post=5883"}],"version-history":[{"count":2,"href":"http:\/\/grundschule-am-papenberg.de\/index.php?rest_route=\/wp\/v2\/posts\/5883\/revisions"}],"predecessor-version":[{"id":5904,"href":"http:\/\/grundschule-am-papenberg.de\/index.php?rest_route=\/wp\/v2\/posts\/5883\/revisions\/5904"}],"wp:featuredmedia":[{"embeddable":true,"href":"http:\/\/grundschule-am-papenberg.de\/index.php?rest_route=\/wp\/v2\/media\/5892"}],"wp:attachment":[{"href":"http:\/\/grundschule-am-papenberg.de\/index.php?rest_route=%2Fwp%2Fv2%2Fmedia&parent=5883"}],"wp:term":[{"taxonomy":"category","embeddable":true,"href":"http:\/\/grundschule-am-papenberg.de\/index.php?rest_route=%2Fwp%2Fv2%2Fcategories&post=5883"},{"taxonomy":"post_tag","embeddable":true,"href":"http:\/\/grundschule-am-papenberg.de\/index.php?rest_route=%2Fwp%2Fv2%2Ftags&post=5883"}],"curies":[{"name":"wp","href":"https:\/\/api.w.org\/{rel}","templated":true}]}}