{"id":5744,"date":"2025-06-23T21:57:22","date_gmt":"2025-06-23T19:57:22","guid":{"rendered":"http:\/\/grundschule-am-papenberg.de\/?p=5744"},"modified":"2025-07-14T14:52:46","modified_gmt":"2025-07-14T12:52:46","slug":"unser-tag-der-offenen-tuer-ein-froehlicher-blick-in-die-zukunft","status":"publish","type":"post","link":"http:\/\/grundschule-am-papenberg.de\/?p=5744","title":{"rendered":"Unser Tag der offenen T\u00fcr &#8211; ein fr\u00f6hlicher Blick in die Zukunft"},"content":{"rendered":"\n<p data-start=\"184\" data-end=\"564\">Am 19. Juni 2025 \u00f6ffnete die Grundschule Am Papenberg ihre T\u00fcren f\u00fcr alle Kinder und Eltern, die im kommenden Schuljahr Teil unserer Grundschule Am Papenberg werden m\u00f6chten. Der Nachmittag bot Gelegenheit, das Schulhaus kennenzulernen, den Klassenlehrerinnen zu begegnen, erste Eindr\u00fccke zu sammeln \u2013 und ganz viel zu entdecken.<\/p>\n<p data-start=\"566\" data-end=\"961\">Zum Auftakt begr\u00fc\u00dfte die Schulleitung die zahlreichen G\u00e4ste herzlich im gro\u00dfen Atrium. Ein buntes B\u00fchnenprogramm sorgte gleich zu Beginn f\u00fcr eine fr\u00f6hliche Stimmung: Der Schulchor sang mitrei\u00dfende Sommer- und Bewegungslieder, die Tanzgruppe von Frau Hartel beeindruckte mit einer lebendigen Darbietung, und die Trommelgruppe unter der Leitung von Frau Schulz brachte rhythmische Energie auf die B\u00fchne.<\/p>\n<p data-start=\"963\" data-end=\"1393\">Anschlie\u00dfend ging es f\u00fcr unsere G\u00e4ste auf Entdeckungsreise durch das Schulhaus: Die Kinder der 4. Klassen f\u00fchrten die Familien mit gro\u00dfem Engagement durch die verschiedenen R\u00e4ume. In den zuk\u00fcnftigen ersten Klassen konnten die kommenden Erstkl\u00e4sslerinnen und Erstkl\u00e4ssler ihre Klassenlehrerinnen Frau Marienhangen, Frau Sagunski, Frau Ackermann und Frau Schwarz kennenlernen, neue B\u00fccher entdecken und an verschiedenen Bastelangeboten teilnehmen.<\/p>\n<p data-start=\"1395\" data-end=\"1551\">Das frische Popcorn und die s\u00fc\u00dfe Zuckerwatte sorgten w\u00e4hrend des Rundganges durch das Schulhaus f\u00fcr leuchtende Augen.&nbsp;<\/p>\n<p data-start=\"1553\" data-end=\"1870\">Viele Kinder gingen am Ende des Tages voller Begeisterung und mit viel Vorfreude auf das kommende Schuljahr nach Hause \u2013 und auch die Eltern zeigten, dass sie sich von den Lehrkr\u00e4ften sehr herzlich bei uns aufgenommen f\u00fchlen. Ein gelungener Nachmittag mit Herz, Freude und viel Gemeinschaft!<\/p>\n\n\n<style>#jtg-5763 .modula-item .jtg-social a, .lightbox-socials.jtg-social a{ fill: #ffffff; color: #ffffff }#jtg-5763 .modula-item .jtg-social-mobile a{ fill: #ffffff; color: #ffffff }#jtg-5763 .modula-item .jtg-social svg, .lightbox-socials.jtg-social svg { height: 16px; width: 16px }#jtg-5763 .modula-item .jtg-social-mobile svg { height: 16px; width: 16px }#jtg-5763 .modula-item .jtg-social a:not(:last-child), .lightbox-socials.jtg-social a:not(:last-child) { margin-right: 10px }#jtg-5763 .modula-item .jtg-social-mobile .jtg-social-mobile-icons a:not(:last-child){ margin-right: 10px }#jtg-5763 .modula-item .figc {color:#ffffff;}#jtg-5763 .modula-item .figc .jtg-title {  font-size: 24px; }#jtg-5763 .modula-item .modula-item-content { transform: scale(1) }#jtg-5763 { width:100%;}#jtg-5763 .modula-items .figc p.description { font-size:16px; }#jtg-5763 .modula-items .figc p.description { color:#ffffff;}#jtg-5763 .modula-items .figc .jtg-title { color:#ffffff; }#jtg-5763.modula-gallery .modula-item > a, #jtg-5763.modula-gallery .modula-item, #jtg-5763.modula-gallery .modula-item-content > a:not(.modula-no-follow) { cursor:zoom-in; } #jtg-5763.modula-gallery .modula-item-content .modula-no-follow { cursor: default; } @media screen and (max-width:480px){#jtg-5763 .modula-item .figc .jtg-title {  font-size: 12px; }#jtg-5763 .modula-items .figc p.description { color:#ffffff;font-size:10px; }}<\/style>\n<div  id=\"jtg-5763\" class=\"modula modula-gallery modula-columns\" data-config=\"{&quot;tabletHeight&quot;:800,&quot;mobileHeight&quot;:800,&quot;desktopHeight&quot;:800,&quot;enableTwitter&quot;:false,&quot;enableWhatsapp&quot;:false,&quot;enableFacebook&quot;:false,&quot;enablePinterest&quot;:false,&quot;enableLinkedin&quot;:false,&quot;enableEmail&quot;:false,&quot;randomFactor&quot;:0.5,&quot;type&quot;:&quot;grid&quot;,&quot;columns&quot;:12,&quot;gutter&quot;:10,&quot;mobileGutter&quot;:10,&quot;tabletGutter&quot;:10,&quot;desktopGutter&quot;:10,&quot;enableResponsive&quot;:&quot;0&quot;,&quot;tabletColumns&quot;:2,&quot;mobileColumns&quot;:1,&quot;lazyLoad&quot;:true,&quot;lightboxOpts&quot;:{&quot;animated&quot;:true,&quot;Thumbs&quot;:{&quot;type&quot;:&quot;modern&quot;,&quot;showOnStart&quot;:false},&quot;Toolbar&quot;:{&quot;display&quot;:{&quot;right&quot;:[&quot;close&quot;]},&quot;enabled&quot;:true},&quot;Carousel&quot;:{&quot;Panzoom&quot;:{&quot;touch&quot;:false},&quot;infinite&quot;:false},&quot;keyboard&quot;:{&quot;Escape&quot;:&quot;close&quot;,&quot;Delete&quot;:&quot;close&quot;,&quot;Backspace&quot;:&quot;close&quot;,&quot;PageUp&quot;:false,&quot;PageDown&quot;:false,&quot;ArrowUp&quot;:false,&quot;ArrowDown&quot;:false,&quot;ArrowRight&quot;:false,&quot;ArrowLeft&quot;:false},&quot;touch&quot;:false,&quot;backdropClick&quot;:false,&quot;l10n&quot;:{&quot;CLOSE&quot;:&quot;Close&quot;,&quot;NEXT&quot;:&quot;Next&quot;,&quot;PREV&quot;:&quot;Previous&quot;,&quot;Error&quot;:&quot;The requested content cannot be loaded. Please try again later.&quot;,&quot;PLAY_START&quot;:&quot;Start slideshow&quot;,&quot;PLAY_STOP&quot;:&quot;Pause slideshow&quot;,&quot;FULL_SCREEN&quot;:&quot;Full screen&quot;,&quot;THUMBS&quot;:&quot;Thumbnails&quot;,&quot;DOWNLOAD&quot;:&quot;Download&quot;,&quot;SHARE&quot;:&quot;Share&quot;,&quot;ZOOM&quot;:&quot;Zoom&quot;,&quot;EMAIL&quot;:&quot;Here is the link to the image : %%image_link%% and this is the link to the gallery : %%gallery_link%%&quot;,&quot;MODAL&quot;:&quot;You can close this modal content with the ESC key&quot;,&quot;ERROR&quot;:&quot;Something Went Wrong, Please Try Again Later&quot;,&quot;IMAGE_ERROR&quot;:&quot;Image Not Found&quot;,&quot;ELEMENT_NOT_FOUND&quot;:&quot;HTML Element Not Found&quot;,&quot;AJAX_NOT_FOUND&quot;:&quot;Error Loading AJAX : Not Found&quot;,&quot;AJAX_FORBIDDEN&quot;:&quot;Error Loading AJAX : Forbidden&quot;,&quot;IFRAME_ERROR&quot;:&quot;Error Loading Page&quot;,&quot;TOGGLE_ZOOM&quot;:&quot;Toggle zoom level&quot;,&quot;TOGGLE_THUMBS&quot;:&quot;Toggle thumbnails&quot;,&quot;TOGGLE_SLIDESHOW&quot;:&quot;Toggle slideshow&quot;,&quot;TOGGLE_FULLSCREEN&quot;:&quot;Toggle full-screen mode&quot;},&quot;Images&quot;:{&quot;Panzoom&quot;:{&quot;maxScale&quot;:2}},&quot;mainClass&quot;:&quot;modula-fancybox-container modula-lightbox-jtg-5763&quot;,&quot;Html&quot;:{&quot;videoAutoplay&quot;:0,&quot;videoTpl&quot;:&quot;&lt;video class=\\&quot;fancybox__html5video\\&quot; controls muted playsinline controlsList controlsList=\\&quot;nodownload\\&quot; poster=\\&quot;{{poster}}\\&quot; src=\\&quot;{{src}}\\&quot; type=\\&quot;{{format}}\\&quot; &gt;  Sorry, your browser doesn&#039;t support embedded videos, &lt;a href=\\&quot;{{src}}\\&quot;&gt; download &lt;\\\/a&gt; and watch with your favorite video player! &lt;\\\/video&gt;&quot;}},&quot;inView&quot;:false,&quot;email_subject&quot;:&quot;Check out this awesome image !!&quot;,&quot;email_message&quot;:&quot;Here is the link to the image : %%image_link%% and this is the link to the gallery : %%gallery_link%%&quot;,&quot;grid_type&quot;:&quot;automatic&quot;,&quot;rowHeight&quot;:250,&quot;lastRow&quot;:&quot;justify&quot;,&quot;lightbox&quot;:&quot;fancybox&quot;}\">\n\n\t\n\t<div  class=\"modula-items grid-gallery\">\n\t\t<div class=\"modula-item effect-pufrobo\" >\n\t<div class=\"modula-item-overlay\"><\/div>\n\n\t<div class=\"modula-item-content\">\n\n\t\t\t\t\n\t\t\t\t\t<a data-image-id=\"5766\" tabindex=\"0\" rel=\"jtg-5763\" data-caption=\"Die Kinder der Trommelgruppe pr\u00e4sentierten ebenfalls ein Lied.\" aria-label=\"Open image in lightbox\" role=\"button\" class=\"tile-inner modula-item-link\"><\/a>\n\t\t\n\t\t<img class=\"pic wp-image-5766 lazyload\"  data-valign=\"middle\" data-halign=\"center\" alt=\"\" data-full=\"http:\/\/grundschule-am-papenberg.de\/wordpress\/wp-content\/uploads\/2025\/06\/0a0d1d08-9387-41d9-9452-136abbab0849.jpeg\" title=\"Die Kinder der Trommelgruppe pr\u00e4sentierten ebenfalls ein Lied.\" width=\"300\" height=\"225\" data-src=\"http:\/\/grundschule-am-papenberg.de\/wordpress\/wp-content\/uploads\/2025\/06\/0a0d1d08-9387-41d9-9452-136abbab0849-300x225.jpeg\" data-caption=\"Die Kinder der Trommelgruppe pr\u00e4sentierten ebenfalls ein Lied.\" data-source=\"modula\" data-srcset=\"http:\/\/grundschule-am-papenberg.de\/wordpress\/wp-content\/uploads\/2025\/06\/0a0d1d08-9387-41d9-9452-136abbab0849.jpeg 1600w, http:\/\/grundschule-am-papenberg.de\/wordpress\/wp-content\/uploads\/2025\/06\/0a0d1d08-9387-41d9-9452-136abbab0849-300x225.jpeg 300w, http:\/\/grundschule-am-papenberg.de\/wordpress\/wp-content\/uploads\/2025\/06\/0a0d1d08-9387-41d9-9452-136abbab0849-1024x768.jpeg 1024w, http:\/\/grundschule-am-papenberg.de\/wordpress\/wp-content\/uploads\/2025\/06\/0a0d1d08-9387-41d9-9452-136abbab0849-768x576.jpeg 768w, http:\/\/grundschule-am-papenberg.de\/wordpress\/wp-content\/uploads\/2025\/06\/0a0d1d08-9387-41d9-9452-136abbab0849-1536x1152.jpeg 1536w, http:\/\/grundschule-am-papenberg.de\/wordpress\/wp-content\/uploads\/2025\/06\/0a0d1d08-9387-41d9-9452-136abbab0849-307x230.jpeg 307w\" data-sizes=\"(max-width: 300px) 100vw, 300px\" srcset=\"http:\/\/grundschule-am-papenberg.de\/wordpress\/wp-content\/uploads\/2025\/06\/0a0d1d08-9387-41d9-9452-136abbab0849-300x225.jpeg 300w, http:\/\/grundschule-am-papenberg.de\/wordpress\/wp-content\/uploads\/2025\/06\/0a0d1d08-9387-41d9-9452-136abbab0849-1024x768.jpeg 1024w, http:\/\/grundschule-am-papenberg.de\/wordpress\/wp-content\/uploads\/2025\/06\/0a0d1d08-9387-41d9-9452-136abbab0849-768x576.jpeg 768w, http:\/\/grundschule-am-papenberg.de\/wordpress\/wp-content\/uploads\/2025\/06\/0a0d1d08-9387-41d9-9452-136abbab0849-1536x1152.jpeg 1536w, http:\/\/grundschule-am-papenberg.de\/wordpress\/wp-content\/uploads\/2025\/06\/0a0d1d08-9387-41d9-9452-136abbab0849-307x230.jpeg 307w, http:\/\/grundschule-am-papenberg.de\/wordpress\/wp-content\/uploads\/2025\/06\/0a0d1d08-9387-41d9-9452-136abbab0849.jpeg 1600w\" sizes=\"(max-width: 300px) 100vw, 300px\" \/>\n\t\t<div class=\"figc\">\n\t\t\t<div class=\"figc-inner\">\n\t\t\t\t\t\t\t\t\t\t\t\t\t<p class=\"description\">Die Kinder der Trommelgruppe pr\u00e4sentierten ebenfalls ein Lied.<\/p>\n\t\t\t\t\t\t\t\t\t\t\t<\/div>\n\t\t<\/div>\n\n\t<\/div>\n\n<\/div><div class=\"modula-item effect-pufrobo\" >\n\t<div class=\"modula-item-overlay\"><\/div>\n\n\t<div class=\"modula-item-content\">\n\n\t\t\t\t\n\t\t\t\t\t<a data-image-id=\"5765\" tabindex=\"0\" rel=\"jtg-5763\" data-caption=\"Die Klassenleiterinnen der neuen ersten Klassen wurden vorgestellt.\" aria-label=\"Open image in lightbox\" role=\"button\" class=\"tile-inner modula-item-link\"><\/a>\n\t\t\n\t\t<img class=\"pic wp-image-5765 lazyload\"  data-valign=\"middle\" data-halign=\"center\" alt=\"\" data-full=\"http:\/\/grundschule-am-papenberg.de\/wordpress\/wp-content\/uploads\/2025\/06\/90b3855a-b08c-474c-b333-792a9636cd60.jpeg\" title=\"Die Klassenleiterinnen der neuen ersten Klassen wurden vorgestellt.\" width=\"300\" height=\"225\" data-src=\"http:\/\/grundschule-am-papenberg.de\/wordpress\/wp-content\/uploads\/2025\/06\/90b3855a-b08c-474c-b333-792a9636cd60-300x225.jpeg\" data-caption=\"Die Klassenleiterinnen der neuen ersten Klassen wurden vorgestellt.\" data-source=\"modula\" data-srcset=\"http:\/\/grundschule-am-papenberg.de\/wordpress\/wp-content\/uploads\/2025\/06\/90b3855a-b08c-474c-b333-792a9636cd60.jpeg 1600w, http:\/\/grundschule-am-papenberg.de\/wordpress\/wp-content\/uploads\/2025\/06\/90b3855a-b08c-474c-b333-792a9636cd60-300x225.jpeg 300w, http:\/\/grundschule-am-papenberg.de\/wordpress\/wp-content\/uploads\/2025\/06\/90b3855a-b08c-474c-b333-792a9636cd60-1024x768.jpeg 1024w, http:\/\/grundschule-am-papenberg.de\/wordpress\/wp-content\/uploads\/2025\/06\/90b3855a-b08c-474c-b333-792a9636cd60-768x576.jpeg 768w, http:\/\/grundschule-am-papenberg.de\/wordpress\/wp-content\/uploads\/2025\/06\/90b3855a-b08c-474c-b333-792a9636cd60-1536x1152.jpeg 1536w, http:\/\/grundschule-am-papenberg.de\/wordpress\/wp-content\/uploads\/2025\/06\/90b3855a-b08c-474c-b333-792a9636cd60-307x230.jpeg 307w\" data-sizes=\"(max-width: 300px) 100vw, 300px\" srcset=\"http:\/\/grundschule-am-papenberg.de\/wordpress\/wp-content\/uploads\/2025\/06\/90b3855a-b08c-474c-b333-792a9636cd60-300x225.jpeg 300w, http:\/\/grundschule-am-papenberg.de\/wordpress\/wp-content\/uploads\/2025\/06\/90b3855a-b08c-474c-b333-792a9636cd60-1024x768.jpeg 1024w, http:\/\/grundschule-am-papenberg.de\/wordpress\/wp-content\/uploads\/2025\/06\/90b3855a-b08c-474c-b333-792a9636cd60-768x576.jpeg 768w, http:\/\/grundschule-am-papenberg.de\/wordpress\/wp-content\/uploads\/2025\/06\/90b3855a-b08c-474c-b333-792a9636cd60-1536x1152.jpeg 1536w, http:\/\/grundschule-am-papenberg.de\/wordpress\/wp-content\/uploads\/2025\/06\/90b3855a-b08c-474c-b333-792a9636cd60-307x230.jpeg 307w, http:\/\/grundschule-am-papenberg.de\/wordpress\/wp-content\/uploads\/2025\/06\/90b3855a-b08c-474c-b333-792a9636cd60.jpeg 1600w\" sizes=\"(max-width: 300px) 100vw, 300px\" \/>\n\t\t<div class=\"figc\">\n\t\t\t<div class=\"figc-inner\">\n\t\t\t\t\t\t\t\t\t\t\t\t\t<p class=\"description\">Die Klassenleiterinnen der neuen ersten Klassen wurden vorgestellt.<\/p>\n\t\t\t\t\t\t\t\t\t\t\t<\/div>\n\t\t<\/div>\n\n\t<\/div>\n\n<\/div><div class=\"modula-item effect-pufrobo\" >\n\t<div class=\"modula-item-overlay\"><\/div>\n\n\t<div class=\"modula-item-content\">\n\n\t\t\t\t\n\t\t\t\t\t<a data-image-id=\"5764\" tabindex=\"0\" rel=\"jtg-5763\" data-caption=\"Die Tanzgruppe beeindruckte mit einer farbenfrohen Darbietung\" aria-label=\"Open image in lightbox\" role=\"button\" class=\"tile-inner modula-item-link\"><\/a>\n\t\t\n\t\t<img class=\"pic wp-image-5764 lazyload\"  data-valign=\"middle\" data-halign=\"center\" alt=\"\" data-full=\"http:\/\/grundschule-am-papenberg.de\/wordpress\/wp-content\/uploads\/2025\/06\/8770ab65-a7e6-47cf-a4f9-04b219f185e6.jpeg\" title=\"Die Tanzgruppe beeindruckte mit einer farbenfrohen Darbietung\" width=\"300\" height=\"225\" data-src=\"http:\/\/grundschule-am-papenberg.de\/wordpress\/wp-content\/uploads\/2025\/06\/8770ab65-a7e6-47cf-a4f9-04b219f185e6-300x225.jpeg\" data-caption=\"Die Tanzgruppe beeindruckte mit einer farbenfrohen Darbietung\" data-source=\"modula\" data-srcset=\"http:\/\/grundschule-am-papenberg.de\/wordpress\/wp-content\/uploads\/2025\/06\/8770ab65-a7e6-47cf-a4f9-04b219f185e6.jpeg 1600w, http:\/\/grundschule-am-papenberg.de\/wordpress\/wp-content\/uploads\/2025\/06\/8770ab65-a7e6-47cf-a4f9-04b219f185e6-300x225.jpeg 300w, http:\/\/grundschule-am-papenberg.de\/wordpress\/wp-content\/uploads\/2025\/06\/8770ab65-a7e6-47cf-a4f9-04b219f185e6-1024x768.jpeg 1024w, http:\/\/grundschule-am-papenberg.de\/wordpress\/wp-content\/uploads\/2025\/06\/8770ab65-a7e6-47cf-a4f9-04b219f185e6-768x576.jpeg 768w, http:\/\/grundschule-am-papenberg.de\/wordpress\/wp-content\/uploads\/2025\/06\/8770ab65-a7e6-47cf-a4f9-04b219f185e6-1536x1152.jpeg 1536w, http:\/\/grundschule-am-papenberg.de\/wordpress\/wp-content\/uploads\/2025\/06\/8770ab65-a7e6-47cf-a4f9-04b219f185e6-307x230.jpeg 307w\" data-sizes=\"(max-width: 300px) 100vw, 300px\" srcset=\"http:\/\/grundschule-am-papenberg.de\/wordpress\/wp-content\/uploads\/2025\/06\/8770ab65-a7e6-47cf-a4f9-04b219f185e6-300x225.jpeg 300w, http:\/\/grundschule-am-papenberg.de\/wordpress\/wp-content\/uploads\/2025\/06\/8770ab65-a7e6-47cf-a4f9-04b219f185e6-1024x768.jpeg 1024w, http:\/\/grundschule-am-papenberg.de\/wordpress\/wp-content\/uploads\/2025\/06\/8770ab65-a7e6-47cf-a4f9-04b219f185e6-768x576.jpeg 768w, http:\/\/grundschule-am-papenberg.de\/wordpress\/wp-content\/uploads\/2025\/06\/8770ab65-a7e6-47cf-a4f9-04b219f185e6-1536x1152.jpeg 1536w, http:\/\/grundschule-am-papenberg.de\/wordpress\/wp-content\/uploads\/2025\/06\/8770ab65-a7e6-47cf-a4f9-04b219f185e6-307x230.jpeg 307w, http:\/\/grundschule-am-papenberg.de\/wordpress\/wp-content\/uploads\/2025\/06\/8770ab65-a7e6-47cf-a4f9-04b219f185e6.jpeg 1600w\" sizes=\"(max-width: 300px) 100vw, 300px\" \/>\n\t\t<div class=\"figc\">\n\t\t\t<div class=\"figc-inner\">\n\t\t\t\t\t\t\t\t\t\t\t\t\t<p class=\"description\">Die Tanzgruppe beeindruckte mit einer farbenfrohen Darbietung<\/p>\n\t\t\t\t\t\t\t\t\t\t\t<\/div>\n\t\t<\/div>\n\n\t<\/div>\n\n<\/div>\t\t\n\t<\/div>\n\n\t\n\t\n\t<script type=\"application\/ld+json\">\n\t{\n\t\t\"@context\": \"http:\/\/schema.org\",\n\t\t\"@type\"   : \"ImageGallery\",\n\t\t\"id\"      : \"http:\/\/grundschule-am-papenberg.de\/?p=5744\/\",\n\t\t\"url\"     : \"http:\/\/grundschule-am-papenberg.de\/?p=5744\/\"\n\t}\n\n\t<\/script>\n\n\t\n<\/div>\n\n\n\n\n\n<p><em>Das Bildmaterial auf dieser Seite stammt teilweise aus Canva (www.canva.com) und wird im Rahmen der Lehrerlizenz f\u00fcr nicht-kommerzielle, schulische Zwecke verwendet.<\/em><\/p>\n","protected":false},"excerpt":{"rendered":"<p>Am 19. Juni 2025 \u00f6ffnete die Grundschule Am Papenberg ihre T\u00fcren f\u00fcr alle Kinder und Eltern, die im kommenden Schuljahr Teil unserer Grundschule Am Papenberg werden m\u00f6chten. Der Nachmittag bot Gelegenheit, das Schulhaus kennenzulernen, den Klassenlehrerinnen zu begegnen, erste Eindr\u00fccke zu sammeln \u2013 und ganz viel zu entdecken. Zum Auftakt begr\u00fc\u00dfte die Schulleitung die zahlreichen [&hellip;]<\/p>\n","protected":false},"author":10,"featured_media":5484,"comment_status":"closed","ping_status":"closed","sticky":false,"template":"","format":"standard","meta":{"footnotes":""},"categories":[1],"tags":[],"class_list":["post-5744","post","type-post","status-publish","format-standard","has-post-thumbnail","hentry","category-allgemein"],"_links":{"self":[{"href":"http:\/\/grundschule-am-papenberg.de\/index.php?rest_route=\/wp\/v2\/posts\/5744","targetHints":{"allow":["GET"]}}],"collection":[{"href":"http:\/\/grundschule-am-papenberg.de\/index.php?rest_route=\/wp\/v2\/posts"}],"about":[{"href":"http:\/\/grundschule-am-papenberg.de\/index.php?rest_route=\/wp\/v2\/types\/post"}],"author":[{"embeddable":true,"href":"http:\/\/grundschule-am-papenberg.de\/index.php?rest_route=\/wp\/v2\/users\/10"}],"replies":[{"embeddable":true,"href":"http:\/\/grundschule-am-papenberg.de\/index.php?rest_route=%2Fwp%2Fv2%2Fcomments&post=5744"}],"version-history":[{"count":3,"href":"http:\/\/grundschule-am-papenberg.de\/index.php?rest_route=\/wp\/v2\/posts\/5744\/revisions"}],"predecessor-version":[{"id":5870,"href":"http:\/\/grundschule-am-papenberg.de\/index.php?rest_route=\/wp\/v2\/posts\/5744\/revisions\/5870"}],"wp:featuredmedia":[{"embeddable":true,"href":"http:\/\/grundschule-am-papenberg.de\/index.php?rest_route=\/wp\/v2\/media\/5484"}],"wp:attachment":[{"href":"http:\/\/grundschule-am-papenberg.de\/index.php?rest_route=%2Fwp%2Fv2%2Fmedia&parent=5744"}],"wp:term":[{"taxonomy":"category","embeddable":true,"href":"http:\/\/grundschule-am-papenberg.de\/index.php?rest_route=%2Fwp%2Fv2%2Fcategories&post=5744"},{"taxonomy":"post_tag","embeddable":true,"href":"http:\/\/grundschule-am-papenberg.de\/index.php?rest_route=%2Fwp%2Fv2%2Ftags&post=5744"}],"curies":[{"name":"wp","href":"https:\/\/api.w.org\/{rel}","templated":true}]}}