{"id":5552,"date":"2025-05-10T10:42:54","date_gmt":"2025-05-10T08:42:54","guid":{"rendered":"http:\/\/grundschule-am-papenberg.de\/?p=5552"},"modified":"2025-07-14T14:51:27","modified_gmt":"2025-07-14T12:51:27","slug":"30-05-2025-frist-fuer-die-abmeldung-vom-religionsunterricht","status":"publish","type":"post","link":"http:\/\/grundschule-am-papenberg.de\/?p=5552","title":{"rendered":"30.05.2025 Frist f\u00fcr die Abmeldung vom Religionsunterricht"},"content":{"rendered":"\n<p><strong>Bis einschlie\u00dflich 30.05.<\/strong> k\u00f6nnen Sie Ihr Kind f\u00fcr das kommende Schuljahr 2025\/2026 vom Religionsunterricht abmelden. Es wird dann den Ersatzunterricht besuchen k\u00f6nnen.<\/p>\n<p><strong>Die Abmeldung kann ausschlie\u00dflich schriftlich erfolgen. Bitte geben Sie die Abmeldung bei der Klassenleitung Ihres Kindes ab. Am 28.05.2025 ist bereits der letzte Schultag vor dem Ablauf der Frist!<\/strong><\/p>\n\n\n\n<p><em>Das Bildmaterial auf dieser Seite stammt aus Canva (www.canva.com) und wird im Rahmen der Lehrerlizenz f\u00fcr nicht-kommerzielle, schulische Zwecke verwendet.<\/em><\/p>\n","protected":false},"excerpt":{"rendered":"<p>Bis einschlie\u00dflich 30.05. k\u00f6nnen Sie Ihr Kind f\u00fcr das kommende Schuljahr 2025\/2026 vom Religionsunterricht abmelden. Es wird dann den Ersatzunterricht besuchen k\u00f6nnen. Die Abmeldung kann ausschlie\u00dflich schriftlich erfolgen. Bitte geben Sie die Abmeldung bei der Klassenleitung Ihres Kindes ab. Am 28.05.2025 ist bereits der letzte Schultag vor dem Ablauf der Frist! Das Bildmaterial auf dieser [&hellip;]<\/p>\n","protected":false},"author":10,"featured_media":5509,"comment_status":"closed","ping_status":"closed","sticky":false,"template":"","format":"standard","meta":{"footnotes":""},"categories":[1],"tags":[],"class_list":["post-5552","post","type-post","status-publish","format-standard","has-post-thumbnail","hentry","category-allgemein"],"_links":{"self":[{"href":"http:\/\/grundschule-am-papenberg.de\/index.php?rest_route=\/wp\/v2\/posts\/5552","targetHints":{"allow":["GET"]}}],"collection":[{"href":"http:\/\/grundschule-am-papenberg.de\/index.php?rest_route=\/wp\/v2\/posts"}],"about":[{"href":"http:\/\/grundschule-am-papenberg.de\/index.php?rest_route=\/wp\/v2\/types\/post"}],"author":[{"embeddable":true,"href":"http:\/\/grundschule-am-papenberg.de\/index.php?rest_route=\/wp\/v2\/users\/10"}],"replies":[{"embeddable":true,"href":"http:\/\/grundschule-am-papenberg.de\/index.php?rest_route=%2Fwp%2Fv2%2Fcomments&post=5552"}],"version-history":[{"count":3,"href":"http:\/\/grundschule-am-papenberg.de\/index.php?rest_route=\/wp\/v2\/posts\/5552\/revisions"}],"predecessor-version":[{"id":5868,"href":"http:\/\/grundschule-am-papenberg.de\/index.php?rest_route=\/wp\/v2\/posts\/5552\/revisions\/5868"}],"wp:featuredmedia":[{"embeddable":true,"href":"http:\/\/grundschule-am-papenberg.de\/index.php?rest_route=\/wp\/v2\/media\/5509"}],"wp:attachment":[{"href":"http:\/\/grundschule-am-papenberg.de\/index.php?rest_route=%2Fwp%2Fv2%2Fmedia&parent=5552"}],"wp:term":[{"taxonomy":"category","embeddable":true,"href":"http:\/\/grundschule-am-papenberg.de\/index.php?rest_route=%2Fwp%2Fv2%2Fcategories&post=5552"},{"taxonomy":"post_tag","embeddable":true,"href":"http:\/\/grundschule-am-papenberg.de\/index.php?rest_route=%2Fwp%2Fv2%2Ftags&post=5552"}],"curies":[{"name":"wp","href":"https:\/\/api.w.org\/{rel}","templated":true}]}}