{"id":5515,"date":"2025-05-05T15:25:12","date_gmt":"2025-05-05T13:25:12","guid":{"rendered":"http:\/\/grundschule-am-papenberg.de\/?p=5515"},"modified":"2025-07-14T14:52:11","modified_gmt":"2025-07-14T12:52:11","slug":"18-07-2025-talenteshow-zeig-uns-was-in-dir-steckt","status":"publish","type":"post","link":"http:\/\/grundschule-am-papenberg.de\/?p=5515","title":{"rendered":"18.07.2025 Talenteshow &#8211; zeig uns, was in dir steckt!"},"content":{"rendered":"\n<figure class=\"wp-block-image size-full is-resized\"><img loading=\"lazy\" decoding=\"async\" width=\"12406\" height=\"17718\" src=\"http:\/\/grundschule-am-papenberg.de\/wordpress\/wp-content\/uploads\/2025\/05\/timetoshine.jpg\" alt=\"\" class=\"wp-image-5517\" style=\"width:634px;height:904px\"\/><\/figure>\n\n\n\n<p>\u00a0<\/p>\n<p style=\"text-align: left;\"><strong data-start=\"175\" data-end=\"228\">Unsere Talenteshow \u2013 Zeig uns, was in dir steckt!<\/strong><\/p>\n<p>Auch in diesem Jahr hei\u00dft es wieder: B\u00fchne frei f\u00fcr unsere Talente!<br data-start=\"298\" data-end=\"301\" \/>Bei der Talenteshow der Grundschule Am Papenberg haben alle Sch\u00fclerinnen und Sch\u00fcler die M\u00f6glichkeit, ihr K\u00f6nnen zu zeigen \u2013 ob mit Tanz, Gesang, Akrobatik, Instrumenten, Witzen, Sketchen oder anderen besonderen F\u00e4higkeiten.<br data-start=\"525\" data-end=\"528\" \/>Wer Lust hat, kann alleine oder mit Freundinnen und Freunden auftreten.<\/p>\n<p>Frau Klo\u00df (Alltagshilfe) und Frau Schwartz (upF) leiten die Anmeldung und das Programm. Meldet euch gerne bei ihnen, um euch anzumelden.<\/p>\n<p>Wir freuen uns auf viele kreative Auftritte, tolle Ideen und einen bunten Tag voller Begeisterung. &#x1f60a;&#x1f340;&#x1f973;<\/p>\n\n\n\n<p><em>Das Bildmaterial wurde mit Canva (www.canva.com) erstellt und wird im Rahmen der Lehrerlizenz f\u00fcr nicht-kommerzielle, schulische Zwecke verwendet.<\/em><\/p>\n","protected":false},"excerpt":{"rendered":"<p>\u00a0 Unsere Talenteshow \u2013 Zeig uns, was in dir steckt! Auch in diesem Jahr hei\u00dft es wieder: B\u00fchne frei f\u00fcr unsere Talente!Bei der Talenteshow der Grundschule Am Papenberg haben alle Sch\u00fclerinnen und Sch\u00fcler die M\u00f6glichkeit, ihr K\u00f6nnen zu zeigen \u2013 ob mit Tanz, Gesang, Akrobatik, Instrumenten, Witzen, Sketchen oder anderen besonderen F\u00e4higkeiten.Wer Lust hat, kann [&hellip;]<\/p>\n","protected":false},"author":10,"featured_media":0,"comment_status":"closed","ping_status":"closed","sticky":false,"template":"","format":"standard","meta":{"footnotes":""},"categories":[1],"tags":[],"class_list":["post-5515","post","type-post","status-publish","format-standard","hentry","category-allgemein"],"_links":{"self":[{"href":"http:\/\/grundschule-am-papenberg.de\/index.php?rest_route=\/wp\/v2\/posts\/5515","targetHints":{"allow":["GET"]}}],"collection":[{"href":"http:\/\/grundschule-am-papenberg.de\/index.php?rest_route=\/wp\/v2\/posts"}],"about":[{"href":"http:\/\/grundschule-am-papenberg.de\/index.php?rest_route=\/wp\/v2\/types\/post"}],"author":[{"embeddable":true,"href":"http:\/\/grundschule-am-papenberg.de\/index.php?rest_route=\/wp\/v2\/users\/10"}],"replies":[{"embeddable":true,"href":"http:\/\/grundschule-am-papenberg.de\/index.php?rest_route=%2Fwp%2Fv2%2Fcomments&post=5515"}],"version-history":[{"count":3,"href":"http:\/\/grundschule-am-papenberg.de\/index.php?rest_route=\/wp\/v2\/posts\/5515\/revisions"}],"predecessor-version":[{"id":5869,"href":"http:\/\/grundschule-am-papenberg.de\/index.php?rest_route=\/wp\/v2\/posts\/5515\/revisions\/5869"}],"wp:attachment":[{"href":"http:\/\/grundschule-am-papenberg.de\/index.php?rest_route=%2Fwp%2Fv2%2Fmedia&parent=5515"}],"wp:term":[{"taxonomy":"category","embeddable":true,"href":"http:\/\/grundschule-am-papenberg.de\/index.php?rest_route=%2Fwp%2Fv2%2Fcategories&post=5515"},{"taxonomy":"post_tag","embeddable":true,"href":"http:\/\/grundschule-am-papenberg.de\/index.php?rest_route=%2Fwp%2Fv2%2Ftags&post=5515"}],"curies":[{"name":"wp","href":"https:\/\/api.w.org\/{rel}","templated":true}]}}