{"id":5453,"date":"2025-04-11T17:19:11","date_gmt":"2025-04-11T15:19:11","guid":{"rendered":"http:\/\/grundschule-am-papenberg.de\/?p=5453"},"modified":"2025-07-14T14:49:41","modified_gmt":"2025-07-14T12:49:41","slug":"osternestsuche-2025","status":"publish","type":"post","link":"http:\/\/grundschule-am-papenberg.de\/?p=5453","title":{"rendered":"Osternestsuche 2025"},"content":{"rendered":"\n<p>In den letzten Tagen vor den Osterferien machten sich viele Klassen auf die Suche nach ihren Osternestern \u2013 ein Highlight, das bei uns bereits Tradition hat. Ob auf dem Schulgel\u00e4nde oder im Rahmen kleiner Ausfl\u00fcge in die Umgebung: Mit viel Freude und Begeisterung wurden alle Nester entdeckt. Neben der s\u00fc\u00dfen \u00dcberraschung konnten die Kinder auch die fr\u00fchlingshafte Natur erleben und dabei so manches kleine Wunder entdecken.<\/p>\n<p>Vielen Dank an alle Eltern, die unsere Ostersuche so tatkr\u00e4ftig unterst\u00fctzt haben! &#x1f60a;<\/p>\n\n\n<div class=\"wp-block-image\">\n<figure class=\"aligncenter size-large is-resized\"><img loading=\"lazy\" decoding=\"async\" width=\"1024\" height=\"576\" src=\"http:\/\/grundschule-am-papenberg.de\/wordpress\/wp-content\/uploads\/2025\/04\/5-1024x576.jpg\" alt=\"\" class=\"wp-image-5455\" style=\"width:906px;height:509px\" srcset=\"http:\/\/grundschule-am-papenberg.de\/wordpress\/wp-content\/uploads\/2025\/04\/5-1024x576.jpg 1024w, http:\/\/grundschule-am-papenberg.de\/wordpress\/wp-content\/uploads\/2025\/04\/5-300x169.jpg 300w, http:\/\/grundschule-am-papenberg.de\/wordpress\/wp-content\/uploads\/2025\/04\/5-768x432.jpg 768w, http:\/\/grundschule-am-papenberg.de\/wordpress\/wp-content\/uploads\/2025\/04\/5-409x230.jpg 409w, http:\/\/grundschule-am-papenberg.de\/wordpress\/wp-content\/uploads\/2025\/04\/5.jpg 1280w\" sizes=\"auto, (max-width: 1024px) 100vw, 1024px\" \/><\/figure><\/div>\n\n\n<p>\u00a0<\/p>\n<p><em>Bildmaterial auf dieser Seite stammt teilweise aus Canva (www.canva.com) und wird im Rahmen der Lehrerlizenz f\u00fcr nicht-kommerzielle, schulische Zwecke verwendet.<\/em><\/p>\n","protected":false},"excerpt":{"rendered":"<p>In den letzten Tagen vor den Osterferien machten sich viele Klassen auf die Suche nach ihren Osternestern \u2013 ein Highlight, das bei uns bereits Tradition hat. Ob auf dem Schulgel\u00e4nde oder im Rahmen kleiner Ausfl\u00fcge in die Umgebung: Mit viel Freude und Begeisterung wurden alle Nester entdeckt. Neben der s\u00fc\u00dfen \u00dcberraschung konnten die Kinder auch [&hellip;]<\/p>\n","protected":false},"author":10,"featured_media":5454,"comment_status":"closed","ping_status":"closed","sticky":false,"template":"","format":"standard","meta":{"footnotes":""},"categories":[1],"tags":[],"class_list":["post-5453","post","type-post","status-publish","format-standard","has-post-thumbnail","hentry","category-allgemein"],"_links":{"self":[{"href":"http:\/\/grundschule-am-papenberg.de\/index.php?rest_route=\/wp\/v2\/posts\/5453","targetHints":{"allow":["GET"]}}],"collection":[{"href":"http:\/\/grundschule-am-papenberg.de\/index.php?rest_route=\/wp\/v2\/posts"}],"about":[{"href":"http:\/\/grundschule-am-papenberg.de\/index.php?rest_route=\/wp\/v2\/types\/post"}],"author":[{"embeddable":true,"href":"http:\/\/grundschule-am-papenberg.de\/index.php?rest_route=\/wp\/v2\/users\/10"}],"replies":[{"embeddable":true,"href":"http:\/\/grundschule-am-papenberg.de\/index.php?rest_route=%2Fwp%2Fv2%2Fcomments&post=5453"}],"version-history":[{"count":3,"href":"http:\/\/grundschule-am-papenberg.de\/index.php?rest_route=\/wp\/v2\/posts\/5453\/revisions"}],"predecessor-version":[{"id":5865,"href":"http:\/\/grundschule-am-papenberg.de\/index.php?rest_route=\/wp\/v2\/posts\/5453\/revisions\/5865"}],"wp:featuredmedia":[{"embeddable":true,"href":"http:\/\/grundschule-am-papenberg.de\/index.php?rest_route=\/wp\/v2\/media\/5454"}],"wp:attachment":[{"href":"http:\/\/grundschule-am-papenberg.de\/index.php?rest_route=%2Fwp%2Fv2%2Fmedia&parent=5453"}],"wp:term":[{"taxonomy":"category","embeddable":true,"href":"http:\/\/grundschule-am-papenberg.de\/index.php?rest_route=%2Fwp%2Fv2%2Fcategories&post=5453"},{"taxonomy":"post_tag","embeddable":true,"href":"http:\/\/grundschule-am-papenberg.de\/index.php?rest_route=%2Fwp%2Fv2%2Ftags&post=5453"}],"curies":[{"name":"wp","href":"https:\/\/api.w.org\/{rel}","templated":true}]}}