{"id":5447,"date":"2025-04-11T11:30:00","date_gmt":"2025-04-11T09:30:00","guid":{"rendered":"http:\/\/grundschule-am-papenberg.de\/?p=5447"},"modified":"2025-07-14T14:50:21","modified_gmt":"2025-07-14T12:50:21","slug":"auf-in-die-osterferien","status":"publish","type":"post","link":"http:\/\/grundschule-am-papenberg.de\/?p=5447","title":{"rendered":"Auf in die Osterferien!"},"content":{"rendered":"\n\n\n<p class=\"\" data-start=\"164\" data-end=\"436\">Wir w\u00fcnschen allen Familien fr\u00f6hliche Ostertage und eine wunderbare Ferienzeit!<br data-start=\"243\" data-end=\"246\" \/>Ob beim Ostereiersuchen, drau\u00dfen im Sonnenschein oder bei kleinen gemeinsamen Abenteuern \u2013 wir hoffen, Sie genie\u00dfen die freien Tage in vollen Z\u00fcgen.<\/p>\n<p class=\"\" data-start=\"164\" data-end=\"436\">Wir freuen uns auf ein Wiedersehen nach den Ferien! \ud83d\ude42<\/p>\n<p data-start=\"164\" data-end=\"436\">Ihre Grundschule Am Papenberg<\/p>\n<p data-start=\"164\" data-end=\"436\">\u00a0<\/p>\n<p data-start=\"164\" data-end=\"436\"><em>Das Bildmaterial auf dieser Seite stammt aus Canva (www.canva.com) und wird im Rahmen der Lehrerlizenz f\u00fcr nicht-kommerzielle, schulische Zwecke verwendet.<\/em><\/p>\n","protected":false},"excerpt":{"rendered":"<p>Wir w\u00fcnschen allen Familien fr\u00f6hliche Ostertage und eine wunderbare Ferienzeit!Ob beim Ostereiersuchen, drau\u00dfen im Sonnenschein oder bei kleinen gemeinsamen Abenteuern \u2013 wir hoffen, Sie genie\u00dfen die freien Tage in vollen Z\u00fcgen. Wir freuen uns auf ein Wiedersehen nach den Ferien! \ud83d\ude42 Ihre Grundschule Am Papenberg \u00a0 Das Bildmaterial auf dieser Seite stammt aus Canva (www.canva.com) [&hellip;]<\/p>\n","protected":false},"author":10,"featured_media":5448,"comment_status":"open","ping_status":"open","sticky":false,"template":"","format":"standard","meta":{"footnotes":""},"categories":[1],"tags":[],"class_list":["post-5447","post","type-post","status-publish","format-standard","has-post-thumbnail","hentry","category-allgemein"],"_links":{"self":[{"href":"http:\/\/grundschule-am-papenberg.de\/index.php?rest_route=\/wp\/v2\/posts\/5447","targetHints":{"allow":["GET"]}}],"collection":[{"href":"http:\/\/grundschule-am-papenberg.de\/index.php?rest_route=\/wp\/v2\/posts"}],"about":[{"href":"http:\/\/grundschule-am-papenberg.de\/index.php?rest_route=\/wp\/v2\/types\/post"}],"author":[{"embeddable":true,"href":"http:\/\/grundschule-am-papenberg.de\/index.php?rest_route=\/wp\/v2\/users\/10"}],"replies":[{"embeddable":true,"href":"http:\/\/grundschule-am-papenberg.de\/index.php?rest_route=%2Fwp%2Fv2%2Fcomments&post=5447"}],"version-history":[{"count":3,"href":"http:\/\/grundschule-am-papenberg.de\/index.php?rest_route=\/wp\/v2\/posts\/5447\/revisions"}],"predecessor-version":[{"id":5866,"href":"http:\/\/grundschule-am-papenberg.de\/index.php?rest_route=\/wp\/v2\/posts\/5447\/revisions\/5866"}],"wp:featuredmedia":[{"embeddable":true,"href":"http:\/\/grundschule-am-papenberg.de\/index.php?rest_route=\/wp\/v2\/media\/5448"}],"wp:attachment":[{"href":"http:\/\/grundschule-am-papenberg.de\/index.php?rest_route=%2Fwp%2Fv2%2Fmedia&parent=5447"}],"wp:term":[{"taxonomy":"category","embeddable":true,"href":"http:\/\/grundschule-am-papenberg.de\/index.php?rest_route=%2Fwp%2Fv2%2Fcategories&post=5447"},{"taxonomy":"post_tag","embeddable":true,"href":"http:\/\/grundschule-am-papenberg.de\/index.php?rest_route=%2Fwp%2Fv2%2Ftags&post=5447"}],"curies":[{"name":"wp","href":"https:\/\/api.w.org\/{rel}","templated":true}]}}