{"id":5332,"date":"2025-01-29T11:31:05","date_gmt":"2025-01-29T10:31:05","guid":{"rendered":"http:\/\/grundschule-am-papenberg.de\/?p=5332"},"modified":"2025-01-29T11:31:06","modified_gmt":"2025-01-29T10:31:06","slug":"wintergedichte","status":"publish","type":"post","link":"http:\/\/grundschule-am-papenberg.de\/?p=5332","title":{"rendered":"Wintergedichte"},"content":{"rendered":"\n<p>Emma und Ellena \u00fcberraschten uns w\u00e4hrend der Schulversammlung mit zwei tollen Gedichten. Mutig trugen sie &#8222;Die drei Spatzen&#8220; und &#8222;Der Schneemann auf der Stra\u00dfe&#8220; allen Kindern unserer Schule vor und ernteten daf\u00fcr gro\u00dfen Applaus.<\/p>\n\n\n\n<figure class=\"wp-block-image size-large\"><img loading=\"lazy\" decoding=\"async\" width=\"768\" height=\"1024\" src=\"http:\/\/grundschule-am-papenberg.de\/wordpress\/wp-content\/uploads\/2025\/01\/IMG-20250128-WA0023-768x1024.jpg\" alt=\"\" class=\"wp-image-5333\" srcset=\"http:\/\/grundschule-am-papenberg.de\/wordpress\/wp-content\/uploads\/2025\/01\/IMG-20250128-WA0023-768x1024.jpg 768w, http:\/\/grundschule-am-papenberg.de\/wordpress\/wp-content\/uploads\/2025\/01\/IMG-20250128-WA0023-225x300.jpg 225w, http:\/\/grundschule-am-papenberg.de\/wordpress\/wp-content\/uploads\/2025\/01\/IMG-20250128-WA0023-1152x1536.jpg 1152w, http:\/\/grundschule-am-papenberg.de\/wordpress\/wp-content\/uploads\/2025\/01\/IMG-20250128-WA0023-173x230.jpg 173w, http:\/\/grundschule-am-papenberg.de\/wordpress\/wp-content\/uploads\/2025\/01\/IMG-20250128-WA0023.jpg 1530w\" sizes=\"auto, (max-width: 768px) 100vw, 768px\" \/><\/figure>\n\n\n\n<p><\/p>\n","protected":false},"excerpt":{"rendered":"<p>Emma und Ellena \u00fcberraschten uns w\u00e4hrend der Schulversammlung mit zwei tollen Gedichten. Mutig trugen sie &#8222;Die drei Spatzen&#8220; und &#8222;Der Schneemann auf der Stra\u00dfe&#8220; allen Kindern unserer Schule vor und ernteten daf\u00fcr gro\u00dfen Applaus.<\/p>\n","protected":false},"author":4,"featured_media":0,"comment_status":"open","ping_status":"open","sticky":false,"template":"","format":"standard","meta":{"footnotes":""},"categories":[1],"tags":[],"class_list":["post-5332","post","type-post","status-publish","format-standard","hentry","category-allgemein"],"_links":{"self":[{"href":"http:\/\/grundschule-am-papenberg.de\/index.php?rest_route=\/wp\/v2\/posts\/5332","targetHints":{"allow":["GET"]}}],"collection":[{"href":"http:\/\/grundschule-am-papenberg.de\/index.php?rest_route=\/wp\/v2\/posts"}],"about":[{"href":"http:\/\/grundschule-am-papenberg.de\/index.php?rest_route=\/wp\/v2\/types\/post"}],"author":[{"embeddable":true,"href":"http:\/\/grundschule-am-papenberg.de\/index.php?rest_route=\/wp\/v2\/users\/4"}],"replies":[{"embeddable":true,"href":"http:\/\/grundschule-am-papenberg.de\/index.php?rest_route=%2Fwp%2Fv2%2Fcomments&post=5332"}],"version-history":[{"count":1,"href":"http:\/\/grundschule-am-papenberg.de\/index.php?rest_route=\/wp\/v2\/posts\/5332\/revisions"}],"predecessor-version":[{"id":5334,"href":"http:\/\/grundschule-am-papenberg.de\/index.php?rest_route=\/wp\/v2\/posts\/5332\/revisions\/5334"}],"wp:attachment":[{"href":"http:\/\/grundschule-am-papenberg.de\/index.php?rest_route=%2Fwp%2Fv2%2Fmedia&parent=5332"}],"wp:term":[{"taxonomy":"category","embeddable":true,"href":"http:\/\/grundschule-am-papenberg.de\/index.php?rest_route=%2Fwp%2Fv2%2Fcategories&post=5332"},{"taxonomy":"post_tag","embeddable":true,"href":"http:\/\/grundschule-am-papenberg.de\/index.php?rest_route=%2Fwp%2Fv2%2Ftags&post=5332"}],"curies":[{"name":"wp","href":"https:\/\/api.w.org\/{rel}","templated":true}]}}