{"id":5278,"date":"2024-12-20T07:36:22","date_gmt":"2024-12-20T06:36:22","guid":{"rendered":"http:\/\/grundschule-am-papenberg.de\/?p=5278"},"modified":"2024-12-20T07:36:23","modified_gmt":"2024-12-20T06:36:23","slug":"auswertung-des-lesewettbewerbs","status":"publish","type":"post","link":"http:\/\/grundschule-am-papenberg.de\/?p=5278","title":{"rendered":"Auswertung des Lesewettbewerbs"},"content":{"rendered":"\n<p>Endlich war es so weit! Die Auswertung des Lesewettbewerbs der 3. und 4. Klassen wurde in unserer Pausenhalle durchgef\u00fchrt. Die jeweils 6 besten Leser der Klassenstufe 3 bzw. 4 waren schon sehr gespannt auf das Ergebnis.<br>Sieger bei den 3. Klassen wurde Lina aus der Klasse 3a. Der 2. Platz ging an Annelie (3c).\u00a0 Oskar (3c) erreichte den 3. Platz.<br>In den 4. Klassen gewann Leo (4c). Auf Platz 2 folgte Synnie aus der Klasse 4b. \u00dcber den 3. Platz durfte sich Estelle (4c) freuen.<br>Herzlichen Gl\u00fcckwunsch allen Siegern und Platzierten!<br>Des Weiteren m\u00f6chten wir uns bei Nils und Ella f\u00fcr die tatkr\u00e4ftige Unterst\u00fctzung in der Jury bedanken.<\/p>\n\n\n\n<figure class=\"wp-block-image size-large\"><img loading=\"lazy\" decoding=\"async\" width=\"1024\" height=\"768\" src=\"http:\/\/grundschule-am-papenberg.de\/wordpress\/wp-content\/uploads\/2024\/12\/f-1024x768.jpg\" alt=\"\" class=\"wp-image-5280\" srcset=\"http:\/\/grundschule-am-papenberg.de\/wordpress\/wp-content\/uploads\/2024\/12\/f-1024x768.jpg 1024w, http:\/\/grundschule-am-papenberg.de\/wordpress\/wp-content\/uploads\/2024\/12\/f-300x225.jpg 300w, http:\/\/grundschule-am-papenberg.de\/wordpress\/wp-content\/uploads\/2024\/12\/f-768x576.jpg 768w, http:\/\/grundschule-am-papenberg.de\/wordpress\/wp-content\/uploads\/2024\/12\/f-1536x1152.jpg 1536w, http:\/\/grundschule-am-papenberg.de\/wordpress\/wp-content\/uploads\/2024\/12\/f-2048x1536.jpg 2048w, http:\/\/grundschule-am-papenberg.de\/wordpress\/wp-content\/uploads\/2024\/12\/f-307x230.jpg 307w\" sizes=\"auto, (max-width: 1024px) 100vw, 1024px\" \/><\/figure>\n\n\n\n<figure class=\"wp-block-image size-large\"><img loading=\"lazy\" decoding=\"async\" width=\"1024\" height=\"768\" src=\"http:\/\/grundschule-am-papenberg.de\/wordpress\/wp-content\/uploads\/2024\/12\/bb-1024x768.jpg\" alt=\"\" class=\"wp-image-5279\" srcset=\"http:\/\/grundschule-am-papenberg.de\/wordpress\/wp-content\/uploads\/2024\/12\/bb-1024x768.jpg 1024w, http:\/\/grundschule-am-papenberg.de\/wordpress\/wp-content\/uploads\/2024\/12\/bb-300x225.jpg 300w, http:\/\/grundschule-am-papenberg.de\/wordpress\/wp-content\/uploads\/2024\/12\/bb-768x576.jpg 768w, http:\/\/grundschule-am-papenberg.de\/wordpress\/wp-content\/uploads\/2024\/12\/bb-1536x1152.jpg 1536w, http:\/\/grundschule-am-papenberg.de\/wordpress\/wp-content\/uploads\/2024\/12\/bb-2048x1536.jpg 2048w, http:\/\/grundschule-am-papenberg.de\/wordpress\/wp-content\/uploads\/2024\/12\/bb-307x230.jpg 307w\" sizes=\"auto, (max-width: 1024px) 100vw, 1024px\" \/><\/figure>\n","protected":false},"excerpt":{"rendered":"<p>Endlich war es so weit! Die Auswertung des Lesewettbewerbs der 3. und 4. Klassen wurde in unserer Pausenhalle durchgef\u00fchrt. Die jeweils 6 besten Leser der Klassenstufe 3 bzw. 4 waren schon sehr gespannt auf das Ergebnis.Sieger bei den 3. Klassen wurde Lina aus der Klasse 3a. Der 2. Platz ging an Annelie (3c).\u00a0 Oskar (3c) [&hellip;]<\/p>\n","protected":false},"author":4,"featured_media":0,"comment_status":"open","ping_status":"open","sticky":false,"template":"","format":"standard","meta":{"footnotes":""},"categories":[1],"tags":[],"class_list":["post-5278","post","type-post","status-publish","format-standard","hentry","category-allgemein"],"_links":{"self":[{"href":"http:\/\/grundschule-am-papenberg.de\/index.php?rest_route=\/wp\/v2\/posts\/5278","targetHints":{"allow":["GET"]}}],"collection":[{"href":"http:\/\/grundschule-am-papenberg.de\/index.php?rest_route=\/wp\/v2\/posts"}],"about":[{"href":"http:\/\/grundschule-am-papenberg.de\/index.php?rest_route=\/wp\/v2\/types\/post"}],"author":[{"embeddable":true,"href":"http:\/\/grundschule-am-papenberg.de\/index.php?rest_route=\/wp\/v2\/users\/4"}],"replies":[{"embeddable":true,"href":"http:\/\/grundschule-am-papenberg.de\/index.php?rest_route=%2Fwp%2Fv2%2Fcomments&post=5278"}],"version-history":[{"count":1,"href":"http:\/\/grundschule-am-papenberg.de\/index.php?rest_route=\/wp\/v2\/posts\/5278\/revisions"}],"predecessor-version":[{"id":5281,"href":"http:\/\/grundschule-am-papenberg.de\/index.php?rest_route=\/wp\/v2\/posts\/5278\/revisions\/5281"}],"wp:attachment":[{"href":"http:\/\/grundschule-am-papenberg.de\/index.php?rest_route=%2Fwp%2Fv2%2Fmedia&parent=5278"}],"wp:term":[{"taxonomy":"category","embeddable":true,"href":"http:\/\/grundschule-am-papenberg.de\/index.php?rest_route=%2Fwp%2Fv2%2Fcategories&post=5278"},{"taxonomy":"post_tag","embeddable":true,"href":"http:\/\/grundschule-am-papenberg.de\/index.php?rest_route=%2Fwp%2Fv2%2Ftags&post=5278"}],"curies":[{"name":"wp","href":"https:\/\/api.w.org\/{rel}","templated":true}]}}