{"id":5265,"date":"2024-12-11T11:57:32","date_gmt":"2024-12-11T10:57:32","guid":{"rendered":"http:\/\/grundschule-am-papenberg.de\/?p=5265"},"modified":"2024-12-11T11:57:33","modified_gmt":"2024-12-11T10:57:33","slug":"lesewettbewerb","status":"publish","type":"post","link":"http:\/\/grundschule-am-papenberg.de\/?p=5265","title":{"rendered":"Lesewettbewerb"},"content":{"rendered":"\n<p>Am 10. und 11.12.2024 fand unser diesj\u00e4hriger Lesewettbewerb unter dem Thema \u201eWeihnachten in anderen L\u00e4ndern\u201c statt. Insgesamt stellten sich 12 M\u00e4dchen und Jungen aus den 3. und 4. Klassen der 4-k\u00f6pfigen Jury.<br>Die Leser konnten sich binnen 15 Minuten f\u00fcr einen von zwei vorgegebenen Texten entscheiden und sich einlesen. Im Anschluss trugen sie diesen der Jury vor. Es wurde das korrekte und verst\u00e4ndliche Lesen, die Lesegeschwindigkeit und die Betonung bewertet.<br>Die Sieger des Lesewettbewerbs werden auf unserer Schulversammlung am 19.12.2024 bekannt gegeben. Seid gespannt!<\/p>\n\n\n\n<figure class=\"wp-block-gallery has-nested-images columns-default is-cropped wp-block-gallery-1 is-layout-flex wp-block-gallery-is-layout-flex\">\n<figure class=\"wp-block-image size-large\"><img loading=\"lazy\" decoding=\"async\" width=\"768\" height=\"1024\" data-id=\"5272\" src=\"http:\/\/grundschule-am-papenberg.de\/wordpress\/wp-content\/uploads\/2024\/12\/CIMG5954-2-768x1024.jpg\" alt=\"\" class=\"wp-image-5272\" srcset=\"http:\/\/grundschule-am-papenberg.de\/wordpress\/wp-content\/uploads\/2024\/12\/CIMG5954-2-768x1024.jpg 768w, http:\/\/grundschule-am-papenberg.de\/wordpress\/wp-content\/uploads\/2024\/12\/CIMG5954-2-225x300.jpg 225w, http:\/\/grundschule-am-papenberg.de\/wordpress\/wp-content\/uploads\/2024\/12\/CIMG5954-2-1152x1536.jpg 1152w, http:\/\/grundschule-am-papenberg.de\/wordpress\/wp-content\/uploads\/2024\/12\/CIMG5954-2-1536x2048.jpg 1536w, http:\/\/grundschule-am-papenberg.de\/wordpress\/wp-content\/uploads\/2024\/12\/CIMG5954-2-173x230.jpg 173w, http:\/\/grundschule-am-papenberg.de\/wordpress\/wp-content\/uploads\/2024\/12\/CIMG5954-2-scaled.jpg 1920w\" sizes=\"auto, (max-width: 768px) 100vw, 768px\" \/><\/figure>\n\n\n\n<figure class=\"wp-block-image size-large\"><img loading=\"lazy\" decoding=\"async\" width=\"1024\" height=\"768\" data-id=\"5273\" src=\"http:\/\/grundschule-am-papenberg.de\/wordpress\/wp-content\/uploads\/2024\/12\/CIMG5960-1-1024x768.jpg\" alt=\"\" class=\"wp-image-5273\" srcset=\"http:\/\/grundschule-am-papenberg.de\/wordpress\/wp-content\/uploads\/2024\/12\/CIMG5960-1-1024x768.jpg 1024w, http:\/\/grundschule-am-papenberg.de\/wordpress\/wp-content\/uploads\/2024\/12\/CIMG5960-1-300x225.jpg 300w, http:\/\/grundschule-am-papenberg.de\/wordpress\/wp-content\/uploads\/2024\/12\/CIMG5960-1-768x576.jpg 768w, http:\/\/grundschule-am-papenberg.de\/wordpress\/wp-content\/uploads\/2024\/12\/CIMG5960-1-1536x1152.jpg 1536w, http:\/\/grundschule-am-papenberg.de\/wordpress\/wp-content\/uploads\/2024\/12\/CIMG5960-1-2048x1536.jpg 2048w, http:\/\/grundschule-am-papenberg.de\/wordpress\/wp-content\/uploads\/2024\/12\/CIMG5960-1-307x230.jpg 307w\" sizes=\"auto, (max-width: 1024px) 100vw, 1024px\" \/><\/figure>\n\n\n\n<figure class=\"wp-block-image size-large\"><img loading=\"lazy\" decoding=\"async\" width=\"1024\" height=\"768\" data-id=\"5274\" src=\"http:\/\/grundschule-am-papenberg.de\/wordpress\/wp-content\/uploads\/2024\/12\/CIMG5962-1-1024x768.jpg\" alt=\"\" class=\"wp-image-5274\" srcset=\"http:\/\/grundschule-am-papenberg.de\/wordpress\/wp-content\/uploads\/2024\/12\/CIMG5962-1-1024x768.jpg 1024w, http:\/\/grundschule-am-papenberg.de\/wordpress\/wp-content\/uploads\/2024\/12\/CIMG5962-1-300x225.jpg 300w, http:\/\/grundschule-am-papenberg.de\/wordpress\/wp-content\/uploads\/2024\/12\/CIMG5962-1-768x576.jpg 768w, http:\/\/grundschule-am-papenberg.de\/wordpress\/wp-content\/uploads\/2024\/12\/CIMG5962-1-1536x1152.jpg 1536w, http:\/\/grundschule-am-papenberg.de\/wordpress\/wp-content\/uploads\/2024\/12\/CIMG5962-1-2048x1536.jpg 2048w, http:\/\/grundschule-am-papenberg.de\/wordpress\/wp-content\/uploads\/2024\/12\/CIMG5962-1-307x230.jpg 307w\" sizes=\"auto, (max-width: 1024px) 100vw, 1024px\" \/><\/figure>\n<\/figure>\n\n\n\n<figure class=\"wp-block-image size-large\"><img loading=\"lazy\" decoding=\"async\" width=\"1024\" height=\"768\" src=\"http:\/\/grundschule-am-papenberg.de\/wordpress\/wp-content\/uploads\/2024\/12\/CIMG5946-2-1024x768.jpg\" alt=\"\" class=\"wp-image-5275\" srcset=\"http:\/\/grundschule-am-papenberg.de\/wordpress\/wp-content\/uploads\/2024\/12\/CIMG5946-2-1024x768.jpg 1024w, http:\/\/grundschule-am-papenberg.de\/wordpress\/wp-content\/uploads\/2024\/12\/CIMG5946-2-300x225.jpg 300w, http:\/\/grundschule-am-papenberg.de\/wordpress\/wp-content\/uploads\/2024\/12\/CIMG5946-2-768x576.jpg 768w, http:\/\/grundschule-am-papenberg.de\/wordpress\/wp-content\/uploads\/2024\/12\/CIMG5946-2-1536x1152.jpg 1536w, http:\/\/grundschule-am-papenberg.de\/wordpress\/wp-content\/uploads\/2024\/12\/CIMG5946-2-2048x1536.jpg 2048w, http:\/\/grundschule-am-papenberg.de\/wordpress\/wp-content\/uploads\/2024\/12\/CIMG5946-2-307x230.jpg 307w\" sizes=\"auto, (max-width: 1024px) 100vw, 1024px\" \/><\/figure>\n","protected":false},"excerpt":{"rendered":"<p>Am 10. und 11.12.2024 fand unser diesj\u00e4hriger Lesewettbewerb unter dem Thema \u201eWeihnachten in anderen L\u00e4ndern\u201c statt. Insgesamt stellten sich 12 M\u00e4dchen und Jungen aus den 3. und 4. Klassen der 4-k\u00f6pfigen Jury.Die Leser konnten sich binnen 15 Minuten f\u00fcr einen von zwei vorgegebenen Texten entscheiden und sich einlesen. Im Anschluss trugen sie diesen der Jury [&hellip;]<\/p>\n","protected":false},"author":4,"featured_media":0,"comment_status":"open","ping_status":"open","sticky":false,"template":"","format":"standard","meta":{"footnotes":""},"categories":[1],"tags":[],"class_list":["post-5265","post","type-post","status-publish","format-standard","hentry","category-allgemein"],"_links":{"self":[{"href":"http:\/\/grundschule-am-papenberg.de\/index.php?rest_route=\/wp\/v2\/posts\/5265","targetHints":{"allow":["GET"]}}],"collection":[{"href":"http:\/\/grundschule-am-papenberg.de\/index.php?rest_route=\/wp\/v2\/posts"}],"about":[{"href":"http:\/\/grundschule-am-papenberg.de\/index.php?rest_route=\/wp\/v2\/types\/post"}],"author":[{"embeddable":true,"href":"http:\/\/grundschule-am-papenberg.de\/index.php?rest_route=\/wp\/v2\/users\/4"}],"replies":[{"embeddable":true,"href":"http:\/\/grundschule-am-papenberg.de\/index.php?rest_route=%2Fwp%2Fv2%2Fcomments&post=5265"}],"version-history":[{"count":1,"href":"http:\/\/grundschule-am-papenberg.de\/index.php?rest_route=\/wp\/v2\/posts\/5265\/revisions"}],"predecessor-version":[{"id":5276,"href":"http:\/\/grundschule-am-papenberg.de\/index.php?rest_route=\/wp\/v2\/posts\/5265\/revisions\/5276"}],"wp:attachment":[{"href":"http:\/\/grundschule-am-papenberg.de\/index.php?rest_route=%2Fwp%2Fv2%2Fmedia&parent=5265"}],"wp:term":[{"taxonomy":"category","embeddable":true,"href":"http:\/\/grundschule-am-papenberg.de\/index.php?rest_route=%2Fwp%2Fv2%2Fcategories&post=5265"},{"taxonomy":"post_tag","embeddable":true,"href":"http:\/\/grundschule-am-papenberg.de\/index.php?rest_route=%2Fwp%2Fv2%2Ftags&post=5265"}],"curies":[{"name":"wp","href":"https:\/\/api.w.org\/{rel}","templated":true}]}}