{"id":5249,"date":"2024-12-09T12:40:50","date_gmt":"2024-12-09T11:40:50","guid":{"rendered":"http:\/\/grundschule-am-papenberg.de\/?p=5249"},"modified":"2024-12-09T12:40:51","modified_gmt":"2024-12-09T11:40:51","slug":"kleine-mecklenburger-in-den-backstuben","status":"publish","type":"post","link":"http:\/\/grundschule-am-papenberg.de\/?p=5249","title":{"rendered":"Kleine Mecklenburger in den Backstuben"},"content":{"rendered":"\n<p>Am 04. und 05.12.2024 waren die Klassen 1a und 1b zu Gast bei den Mecklenburger Backstuben. Der aufregende und erlebnisreiche Tag startete mit einer leckeren \u00dcberraschung. Frisch aus dem Ofen bekam jedes Kind ein Br\u00f6tchen als St\u00e4rkung nach dem langen Weg. Mit M\u00e4nteln und Haarnetzen ausgestattet ging es kurz darauf in die Produktionshallen der B\u00e4ckerei. Hier bewunderten alle Kinder die Herstellung von Br\u00f6tchen, Brot, Kuchen, Torten und Pl\u00e4tzchen. Besonders die vielen Maschinen hatten es vielen Sch\u00fclerinnen und Sch\u00fclern angetan. Die Mitarbeiter der B\u00e4ckerei nahmen sich Zeit, um alle neugierigen Fragen der Kleinen zu beantworten. Anschlie\u00dfend standen schon die Zutaten f\u00fcr die Lebkuchenh\u00e4user bereit. Mithilfe von Zuckerguss wurden zun\u00e4chst alle W\u00e4nde der H\u00e4uschen zusammengebaut. Sp\u00e4ter durften die Kinder alle Verzierungen anbringen. Mit Gummib\u00e4rchen, Geb\u00e4ck und kleinen Figuren wurden die s\u00fc\u00dfen H\u00e4user verziert und geschm\u00fcckt. Abschlie\u00dfend bekamen alle Sch\u00fclerinnen und Sch\u00fcler eine \u00dcberraschungst\u00fcte mit einem ganzen Brot und S\u00fc\u00dfigkeiten des Unternehmens. Mit vielen Erfahrungen und Erlebnissen im Gep\u00e4ck endete der Wandertag.<\/p>\n\n\n\n<figure class=\"wp-block-gallery has-nested-images columns-default is-cropped wp-block-gallery-1 is-layout-flex wp-block-gallery-is-layout-flex\">\n<figure class=\"wp-block-image size-large\"><img loading=\"lazy\" decoding=\"async\" width=\"168\" height=\"292\" data-id=\"5251\" src=\"http:\/\/grundschule-am-papenberg.de\/wordpress\/wp-content\/uploads\/2024\/12\/Bild1-1.jpg\" alt=\"\" class=\"wp-image-5251\" srcset=\"http:\/\/grundschule-am-papenberg.de\/wordpress\/wp-content\/uploads\/2024\/12\/Bild1-1.jpg 168w, http:\/\/grundschule-am-papenberg.de\/wordpress\/wp-content\/uploads\/2024\/12\/Bild1-1-132x230.jpg 132w\" sizes=\"auto, (max-width: 168px) 100vw, 168px\" \/><\/figure>\n\n\n\n<figure class=\"wp-block-image size-large\"><img loading=\"lazy\" decoding=\"async\" width=\"376\" height=\"679\" data-id=\"5252\" src=\"http:\/\/grundschule-am-papenberg.de\/wordpress\/wp-content\/uploads\/2024\/12\/Bild2.jpg\" alt=\"\" class=\"wp-image-5252\" srcset=\"http:\/\/grundschule-am-papenberg.de\/wordpress\/wp-content\/uploads\/2024\/12\/Bild2.jpg 376w, http:\/\/grundschule-am-papenberg.de\/wordpress\/wp-content\/uploads\/2024\/12\/Bild2-166x300.jpg 166w, http:\/\/grundschule-am-papenberg.de\/wordpress\/wp-content\/uploads\/2024\/12\/Bild2-127x230.jpg 127w\" sizes=\"auto, (max-width: 376px) 100vw, 376px\" \/><\/figure>\n\n\n\n<figure class=\"wp-block-image size-large\"><img loading=\"lazy\" decoding=\"async\" width=\"178\" height=\"294\" data-id=\"5253\" src=\"http:\/\/grundschule-am-papenberg.de\/wordpress\/wp-content\/uploads\/2024\/12\/Bild3.jpg\" alt=\"\" class=\"wp-image-5253\" srcset=\"http:\/\/grundschule-am-papenberg.de\/wordpress\/wp-content\/uploads\/2024\/12\/Bild3.jpg 178w, http:\/\/grundschule-am-papenberg.de\/wordpress\/wp-content\/uploads\/2024\/12\/Bild3-139x230.jpg 139w\" sizes=\"auto, (max-width: 178px) 100vw, 178px\" \/><\/figure>\n\n\n\n<figure class=\"wp-block-image size-large\"><img loading=\"lazy\" decoding=\"async\" width=\"298\" height=\"397\" data-id=\"5254\" src=\"http:\/\/grundschule-am-papenberg.de\/wordpress\/wp-content\/uploads\/2024\/12\/Bild4.jpg\" alt=\"\" class=\"wp-image-5254\" srcset=\"http:\/\/grundschule-am-papenberg.de\/wordpress\/wp-content\/uploads\/2024\/12\/Bild4.jpg 298w, http:\/\/grundschule-am-papenberg.de\/wordpress\/wp-content\/uploads\/2024\/12\/Bild4-225x300.jpg 225w, http:\/\/grundschule-am-papenberg.de\/wordpress\/wp-content\/uploads\/2024\/12\/Bild4-173x230.jpg 173w\" sizes=\"auto, (max-width: 298px) 100vw, 298px\" \/><\/figure>\n\n\n\n<figure class=\"wp-block-image size-large\"><img loading=\"lazy\" decoding=\"async\" width=\"777\" height=\"608\" data-id=\"5256\" src=\"http:\/\/grundschule-am-papenberg.de\/wordpress\/wp-content\/uploads\/2024\/12\/Bild5.jpg\" alt=\"\" class=\"wp-image-5256\" srcset=\"http:\/\/grundschule-am-papenberg.de\/wordpress\/wp-content\/uploads\/2024\/12\/Bild5.jpg 777w, http:\/\/grundschule-am-papenberg.de\/wordpress\/wp-content\/uploads\/2024\/12\/Bild5-300x235.jpg 300w, http:\/\/grundschule-am-papenberg.de\/wordpress\/wp-content\/uploads\/2024\/12\/Bild5-768x601.jpg 768w, http:\/\/grundschule-am-papenberg.de\/wordpress\/wp-content\/uploads\/2024\/12\/Bild5-294x230.jpg 294w\" sizes=\"auto, (max-width: 777px) 100vw, 777px\" \/><\/figure>\n\n\n\n<figure class=\"wp-block-image size-large\"><img loading=\"lazy\" decoding=\"async\" width=\"314\" height=\"418\" data-id=\"5255\" src=\"http:\/\/grundschule-am-papenberg.de\/wordpress\/wp-content\/uploads\/2024\/12\/Bild6.jpg\" alt=\"\" class=\"wp-image-5255\" srcset=\"http:\/\/grundschule-am-papenberg.de\/wordpress\/wp-content\/uploads\/2024\/12\/Bild6.jpg 314w, http:\/\/grundschule-am-papenberg.de\/wordpress\/wp-content\/uploads\/2024\/12\/Bild6-225x300.jpg 225w, http:\/\/grundschule-am-papenberg.de\/wordpress\/wp-content\/uploads\/2024\/12\/Bild6-173x230.jpg 173w\" sizes=\"auto, (max-width: 314px) 100vw, 314px\" \/><\/figure>\n<\/figure>\n","protected":false},"excerpt":{"rendered":"<p>Am 04. und 05.12.2024 waren die Klassen 1a und 1b zu Gast bei den Mecklenburger Backstuben. Der aufregende und erlebnisreiche Tag startete mit einer leckeren \u00dcberraschung. Frisch aus dem Ofen bekam jedes Kind ein Br\u00f6tchen als St\u00e4rkung nach dem langen Weg. Mit M\u00e4nteln und Haarnetzen ausgestattet ging es kurz darauf in die Produktionshallen der B\u00e4ckerei. [&hellip;]<\/p>\n","protected":false},"author":4,"featured_media":0,"comment_status":"open","ping_status":"open","sticky":false,"template":"","format":"standard","meta":{"footnotes":""},"categories":[1],"tags":[],"class_list":["post-5249","post","type-post","status-publish","format-standard","hentry","category-allgemein"],"_links":{"self":[{"href":"http:\/\/grundschule-am-papenberg.de\/index.php?rest_route=\/wp\/v2\/posts\/5249","targetHints":{"allow":["GET"]}}],"collection":[{"href":"http:\/\/grundschule-am-papenberg.de\/index.php?rest_route=\/wp\/v2\/posts"}],"about":[{"href":"http:\/\/grundschule-am-papenberg.de\/index.php?rest_route=\/wp\/v2\/types\/post"}],"author":[{"embeddable":true,"href":"http:\/\/grundschule-am-papenberg.de\/index.php?rest_route=\/wp\/v2\/users\/4"}],"replies":[{"embeddable":true,"href":"http:\/\/grundschule-am-papenberg.de\/index.php?rest_route=%2Fwp%2Fv2%2Fcomments&post=5249"}],"version-history":[{"count":1,"href":"http:\/\/grundschule-am-papenberg.de\/index.php?rest_route=\/wp\/v2\/posts\/5249\/revisions"}],"predecessor-version":[{"id":5257,"href":"http:\/\/grundschule-am-papenberg.de\/index.php?rest_route=\/wp\/v2\/posts\/5249\/revisions\/5257"}],"wp:attachment":[{"href":"http:\/\/grundschule-am-papenberg.de\/index.php?rest_route=%2Fwp%2Fv2%2Fmedia&parent=5249"}],"wp:term":[{"taxonomy":"category","embeddable":true,"href":"http:\/\/grundschule-am-papenberg.de\/index.php?rest_route=%2Fwp%2Fv2%2Fcategories&post=5249"},{"taxonomy":"post_tag","embeddable":true,"href":"http:\/\/grundschule-am-papenberg.de\/index.php?rest_route=%2Fwp%2Fv2%2Ftags&post=5249"}],"curies":[{"name":"wp","href":"https:\/\/api.w.org\/{rel}","templated":true}]}}