{"id":5241,"date":"2024-12-09T12:32:29","date_gmt":"2024-12-09T11:32:29","guid":{"rendered":"http:\/\/grundschule-am-papenberg.de\/?p=5241"},"modified":"2024-12-09T12:32:30","modified_gmt":"2024-12-09T11:32:30","slug":"besinnliche-adventszeit","status":"publish","type":"post","link":"http:\/\/grundschule-am-papenberg.de\/?p=5241","title":{"rendered":"Besinnliche Adventszeit"},"content":{"rendered":"\n<p>Am 29.11.2024 l\u00e4uteten Frau Thiele, die Kinder der Musikschule Fr\u00f6hlich und unser Schulchor feierlich die Adventszeit ein. Die Schule ist nun wieder weihnachtlich geschm\u00fcckt und jeden Morgen d\u00fcrfen sich unsere Sch\u00fclerinnen und Sch\u00fcler \u00fcber den sch\u00f6nen Tannenbaum freuen, der unsere Pausenhalle hell erleuchtet.<\/p>\n\n\n\n<figure class=\"wp-block-gallery has-nested-images columns-default is-cropped wp-block-gallery-1 is-layout-flex wp-block-gallery-is-layout-flex\">\n<figure class=\"wp-block-image size-large\"><img loading=\"lazy\" decoding=\"async\" width=\"768\" height=\"1024\" data-id=\"5247\" src=\"http:\/\/grundschule-am-papenberg.de\/wordpress\/wp-content\/uploads\/2024\/12\/image1-768x1024.jpeg\" alt=\"\" class=\"wp-image-5247\" srcset=\"http:\/\/grundschule-am-papenberg.de\/wordpress\/wp-content\/uploads\/2024\/12\/image1-768x1024.jpeg 768w, http:\/\/grundschule-am-papenberg.de\/wordpress\/wp-content\/uploads\/2024\/12\/image1-225x300.jpeg 225w, http:\/\/grundschule-am-papenberg.de\/wordpress\/wp-content\/uploads\/2024\/12\/image1-1152x1536.jpeg 1152w, http:\/\/grundschule-am-papenberg.de\/wordpress\/wp-content\/uploads\/2024\/12\/image1-1536x2048.jpeg 1536w, http:\/\/grundschule-am-papenberg.de\/wordpress\/wp-content\/uploads\/2024\/12\/image1-173x230.jpeg 173w, http:\/\/grundschule-am-papenberg.de\/wordpress\/wp-content\/uploads\/2024\/12\/image1-scaled.jpeg 1920w\" sizes=\"auto, (max-width: 768px) 100vw, 768px\" \/><\/figure>\n\n\n\n<figure class=\"wp-block-image size-large\"><img loading=\"lazy\" decoding=\"async\" width=\"1024\" height=\"768\" data-id=\"5246\" src=\"http:\/\/grundschule-am-papenberg.de\/wordpress\/wp-content\/uploads\/2024\/12\/image3-1024x768.jpeg\" alt=\"\" class=\"wp-image-5246\" srcset=\"http:\/\/grundschule-am-papenberg.de\/wordpress\/wp-content\/uploads\/2024\/12\/image3-1024x768.jpeg 1024w, http:\/\/grundschule-am-papenberg.de\/wordpress\/wp-content\/uploads\/2024\/12\/image3-300x225.jpeg 300w, http:\/\/grundschule-am-papenberg.de\/wordpress\/wp-content\/uploads\/2024\/12\/image3-768x576.jpeg 768w, http:\/\/grundschule-am-papenberg.de\/wordpress\/wp-content\/uploads\/2024\/12\/image3-1536x1152.jpeg 1536w, http:\/\/grundschule-am-papenberg.de\/wordpress\/wp-content\/uploads\/2024\/12\/image3-2048x1536.jpeg 2048w, http:\/\/grundschule-am-papenberg.de\/wordpress\/wp-content\/uploads\/2024\/12\/image3-307x230.jpeg 307w\" sizes=\"auto, (max-width: 1024px) 100vw, 1024px\" \/><\/figure>\n\n\n\n<figure class=\"wp-block-image size-large\"><img loading=\"lazy\" decoding=\"async\" width=\"1024\" height=\"768\" data-id=\"5243\" src=\"http:\/\/grundschule-am-papenberg.de\/wordpress\/wp-content\/uploads\/2024\/12\/image4-1024x768.jpg\" alt=\"\" class=\"wp-image-5243\" srcset=\"http:\/\/grundschule-am-papenberg.de\/wordpress\/wp-content\/uploads\/2024\/12\/image4-1024x768.jpg 1024w, http:\/\/grundschule-am-papenberg.de\/wordpress\/wp-content\/uploads\/2024\/12\/image4-300x225.jpg 300w, http:\/\/grundschule-am-papenberg.de\/wordpress\/wp-content\/uploads\/2024\/12\/image4-768x576.jpg 768w, http:\/\/grundschule-am-papenberg.de\/wordpress\/wp-content\/uploads\/2024\/12\/image4-1536x1152.jpg 1536w, http:\/\/grundschule-am-papenberg.de\/wordpress\/wp-content\/uploads\/2024\/12\/image4-2048x1536.jpg 2048w, http:\/\/grundschule-am-papenberg.de\/wordpress\/wp-content\/uploads\/2024\/12\/image4-307x230.jpg 307w\" sizes=\"auto, (max-width: 1024px) 100vw, 1024px\" \/><\/figure>\n\n\n\n<figure class=\"wp-block-image size-large\"><img loading=\"lazy\" decoding=\"async\" width=\"1024\" height=\"768\" data-id=\"5244\" src=\"http:\/\/grundschule-am-papenberg.de\/wordpress\/wp-content\/uploads\/2024\/12\/image2-1024x768.jpg\" alt=\"\" class=\"wp-image-5244\" srcset=\"http:\/\/grundschule-am-papenberg.de\/wordpress\/wp-content\/uploads\/2024\/12\/image2-1024x768.jpg 1024w, http:\/\/grundschule-am-papenberg.de\/wordpress\/wp-content\/uploads\/2024\/12\/image2-300x225.jpg 300w, http:\/\/grundschule-am-papenberg.de\/wordpress\/wp-content\/uploads\/2024\/12\/image2-768x576.jpg 768w, http:\/\/grundschule-am-papenberg.de\/wordpress\/wp-content\/uploads\/2024\/12\/image2-1536x1152.jpg 1536w, http:\/\/grundschule-am-papenberg.de\/wordpress\/wp-content\/uploads\/2024\/12\/image2-2048x1536.jpg 2048w, http:\/\/grundschule-am-papenberg.de\/wordpress\/wp-content\/uploads\/2024\/12\/image2-307x230.jpg 307w\" sizes=\"auto, (max-width: 1024px) 100vw, 1024px\" \/><\/figure>\n<\/figure>\n","protected":false},"excerpt":{"rendered":"<p>Am 29.11.2024 l\u00e4uteten Frau Thiele, die Kinder der Musikschule Fr\u00f6hlich und unser Schulchor feierlich die Adventszeit ein. Die Schule ist nun wieder weihnachtlich geschm\u00fcckt und jeden Morgen d\u00fcrfen sich unsere Sch\u00fclerinnen und Sch\u00fcler \u00fcber den sch\u00f6nen Tannenbaum freuen, der unsere Pausenhalle hell erleuchtet.<\/p>\n","protected":false},"author":4,"featured_media":0,"comment_status":"open","ping_status":"open","sticky":false,"template":"","format":"standard","meta":{"footnotes":""},"categories":[1],"tags":[],"class_list":["post-5241","post","type-post","status-publish","format-standard","hentry","category-allgemein"],"_links":{"self":[{"href":"http:\/\/grundschule-am-papenberg.de\/index.php?rest_route=\/wp\/v2\/posts\/5241","targetHints":{"allow":["GET"]}}],"collection":[{"href":"http:\/\/grundschule-am-papenberg.de\/index.php?rest_route=\/wp\/v2\/posts"}],"about":[{"href":"http:\/\/grundschule-am-papenberg.de\/index.php?rest_route=\/wp\/v2\/types\/post"}],"author":[{"embeddable":true,"href":"http:\/\/grundschule-am-papenberg.de\/index.php?rest_route=\/wp\/v2\/users\/4"}],"replies":[{"embeddable":true,"href":"http:\/\/grundschule-am-papenberg.de\/index.php?rest_route=%2Fwp%2Fv2%2Fcomments&post=5241"}],"version-history":[{"count":1,"href":"http:\/\/grundschule-am-papenberg.de\/index.php?rest_route=\/wp\/v2\/posts\/5241\/revisions"}],"predecessor-version":[{"id":5248,"href":"http:\/\/grundschule-am-papenberg.de\/index.php?rest_route=\/wp\/v2\/posts\/5241\/revisions\/5248"}],"wp:attachment":[{"href":"http:\/\/grundschule-am-papenberg.de\/index.php?rest_route=%2Fwp%2Fv2%2Fmedia&parent=5241"}],"wp:term":[{"taxonomy":"category","embeddable":true,"href":"http:\/\/grundschule-am-papenberg.de\/index.php?rest_route=%2Fwp%2Fv2%2Fcategories&post=5241"},{"taxonomy":"post_tag","embeddable":true,"href":"http:\/\/grundschule-am-papenberg.de\/index.php?rest_route=%2Fwp%2Fv2%2Ftags&post=5241"}],"curies":[{"name":"wp","href":"https:\/\/api.w.org\/{rel}","templated":true}]}}