{"id":5223,"date":"2024-11-15T13:14:30","date_gmt":"2024-11-15T12:14:30","guid":{"rendered":"http:\/\/grundschule-am-papenberg.de\/?p=5223"},"modified":"2024-11-15T13:14:31","modified_gmt":"2024-11-15T12:14:31","slug":"bundesweiter-vorlesetag","status":"publish","type":"post","link":"http:\/\/grundschule-am-papenberg.de\/?p=5223","title":{"rendered":"Bundesweiter Vorlesetag"},"content":{"rendered":"\n<p>Den heutigen bundesweiten Vorlesetag nutzten auch unsere Klassen, um sich Eltern, Gro\u00dfeltern und weitere Vorleser einzuladen und spannenden Geschichten zu lauschen.<br>Die ersten Klassen stimmten sich heute bereits auf den bevorstehenden Theaterbesuch ein und h\u00f6rten das M\u00e4rchen \u201eDie Prinzessin auf der Erbse\u201c.\u00a0 Wir bedanken uns herzlich bei den Vorlesern Frau Jordan, Frau Rodat, Frau Greisert und Frau Wolff.<br>In unserer sch\u00f6nen Schulbibliothek stellte Frau Krohn der Klasse 2c verschiedene B\u00fccher vor. Vielen Dank f\u00fcr die tollen Anregungen.<br>Desweiteren m\u00f6chten wir den heutigen Tag nutzen, um uns bei Frau Strubelt zu bedanken, die tolle B\u00fccher f\u00fcr unsere Bibliothek organisiert hat, die von optimal media gespendet wurden. Unter anderem waren sch\u00f6ne Little People B\u00fccher dabei, wie z.B. \u00a0\u00fcber Beyonc\u00e9, Queen Elisabeth, Neil Armstrong, Michael Jordon und Bruce Lee, die unsere Kinder besonders ansprechen.<br>\u00dcberrascht wurden heute auch die M\u00e4dchen und Jungen der Klasse 3a. Frau Schrank brachte f\u00fcr alle Kinder das Buch \u201ePia, Alex und das Klimaprojekt\u201c mit. Auch Herr Benedix \u00fcberbrachte der 3a eine Spende von Smurfit Westrock. \u00dcber 35 Exemplare des Buches \u201eDie Schule der magischen Tiere\u201c durften sich die Kinder freuen. Beide B\u00fccher sind ideal, um sie im Rahmen des morgendlichen Lesebandes zu nutzen. Zum Abschluss durfte die Klasse noch dem ersten Kapitel des Buches \u201eWhite Fox \u2013 Der Ruf des Mondsteins\u201c lauschen, welches von Herrn Mohnke vorgelesen wurde.<br>Wir bedanken uns ganz herzlich bei allen Vorlesern und Sponsoren des heutigen Vorlesetages!<\/p>\n\n\n\n<figure class=\"wp-block-gallery has-nested-images columns-default is-cropped wp-block-gallery-1 is-layout-flex wp-block-gallery-is-layout-flex\">\n<figure class=\"wp-block-image size-large\"><img loading=\"lazy\" decoding=\"async\" width=\"472\" height=\"1024\" data-id=\"5226\" src=\"http:\/\/grundschule-am-papenberg.de\/wordpress\/wp-content\/uploads\/2024\/11\/IMG-20241115-WA0004-002-472x1024.jpg\" alt=\"\" class=\"wp-image-5226\" srcset=\"http:\/\/grundschule-am-papenberg.de\/wordpress\/wp-content\/uploads\/2024\/11\/IMG-20241115-WA0004-002-472x1024.jpg 472w, http:\/\/grundschule-am-papenberg.de\/wordpress\/wp-content\/uploads\/2024\/11\/IMG-20241115-WA0004-002-138x300.jpg 138w, http:\/\/grundschule-am-papenberg.de\/wordpress\/wp-content\/uploads\/2024\/11\/IMG-20241115-WA0004-002-708x1536.jpg 708w, http:\/\/grundschule-am-papenberg.de\/wordpress\/wp-content\/uploads\/2024\/11\/IMG-20241115-WA0004-002-106x230.jpg 106w, http:\/\/grundschule-am-papenberg.de\/wordpress\/wp-content\/uploads\/2024\/11\/IMG-20241115-WA0004-002.jpg 738w\" sizes=\"auto, (max-width: 472px) 100vw, 472px\" \/><\/figure>\n\n\n\n<figure class=\"wp-block-image size-large\"><img loading=\"lazy\" decoding=\"async\" width=\"737\" height=\"1020\" data-id=\"5228\" src=\"http:\/\/grundschule-am-papenberg.de\/wordpress\/wp-content\/uploads\/2024\/11\/IMG-20241115-WA0006-002.jpg\" alt=\"\" class=\"wp-image-5228\" srcset=\"http:\/\/grundschule-am-papenberg.de\/wordpress\/wp-content\/uploads\/2024\/11\/IMG-20241115-WA0006-002.jpg 737w, http:\/\/grundschule-am-papenberg.de\/wordpress\/wp-content\/uploads\/2024\/11\/IMG-20241115-WA0006-002-217x300.jpg 217w, http:\/\/grundschule-am-papenberg.de\/wordpress\/wp-content\/uploads\/2024\/11\/IMG-20241115-WA0006-002-166x230.jpg 166w\" sizes=\"auto, (max-width: 737px) 100vw, 737px\" \/><\/figure>\n\n\n\n<figure class=\"wp-block-image size-large\"><img loading=\"lazy\" decoding=\"async\" width=\"768\" height=\"1024\" data-id=\"5225\" src=\"http:\/\/grundschule-am-papenberg.de\/wordpress\/wp-content\/uploads\/2024\/11\/IMG-20241115-WA0002-002-768x1024.jpg\" alt=\"\" class=\"wp-image-5225\" srcset=\"http:\/\/grundschule-am-papenberg.de\/wordpress\/wp-content\/uploads\/2024\/11\/IMG-20241115-WA0002-002-768x1024.jpg 768w, http:\/\/grundschule-am-papenberg.de\/wordpress\/wp-content\/uploads\/2024\/11\/IMG-20241115-WA0002-002-225x300.jpg 225w, http:\/\/grundschule-am-papenberg.de\/wordpress\/wp-content\/uploads\/2024\/11\/IMG-20241115-WA0002-002-1152x1536.jpg 1152w, http:\/\/grundschule-am-papenberg.de\/wordpress\/wp-content\/uploads\/2024\/11\/IMG-20241115-WA0002-002-173x230.jpg 173w, http:\/\/grundschule-am-papenberg.de\/wordpress\/wp-content\/uploads\/2024\/11\/IMG-20241115-WA0002-002.jpg 1200w\" sizes=\"auto, (max-width: 768px) 100vw, 768px\" \/><\/figure>\n<\/figure>\n\n\n\n<figure class=\"wp-block-gallery has-nested-images columns-default is-cropped wp-block-gallery-2 is-layout-flex wp-block-gallery-is-layout-flex\">\n<figure class=\"wp-block-image size-large\"><img loading=\"lazy\" decoding=\"async\" width=\"1024\" height=\"768\" data-id=\"5232\" src=\"http:\/\/grundschule-am-papenberg.de\/wordpress\/wp-content\/uploads\/2024\/11\/IMG-20241115-WA0001-002-1-1024x768.jpg\" alt=\"\" class=\"wp-image-5232\" srcset=\"http:\/\/grundschule-am-papenberg.de\/wordpress\/wp-content\/uploads\/2024\/11\/IMG-20241115-WA0001-002-1-1024x768.jpg 1024w, http:\/\/grundschule-am-papenberg.de\/wordpress\/wp-content\/uploads\/2024\/11\/IMG-20241115-WA0001-002-1-300x225.jpg 300w, http:\/\/grundschule-am-papenberg.de\/wordpress\/wp-content\/uploads\/2024\/11\/IMG-20241115-WA0001-002-1-768x576.jpg 768w, http:\/\/grundschule-am-papenberg.de\/wordpress\/wp-content\/uploads\/2024\/11\/IMG-20241115-WA0001-002-1-1536x1152.jpg 1536w, http:\/\/grundschule-am-papenberg.de\/wordpress\/wp-content\/uploads\/2024\/11\/IMG-20241115-WA0001-002-1-307x230.jpg 307w, http:\/\/grundschule-am-papenberg.de\/wordpress\/wp-content\/uploads\/2024\/11\/IMG-20241115-WA0001-002-1.jpg 1600w\" sizes=\"auto, (max-width: 1024px) 100vw, 1024px\" \/><\/figure>\n\n\n\n<figure class=\"wp-block-image size-large\"><img loading=\"lazy\" decoding=\"async\" width=\"1024\" height=\"768\" data-id=\"5233\" src=\"http:\/\/grundschule-am-papenberg.de\/wordpress\/wp-content\/uploads\/2024\/11\/IMG-20241115-WA0000-002-1-1024x768.jpg\" alt=\"\" class=\"wp-image-5233\" srcset=\"http:\/\/grundschule-am-papenberg.de\/wordpress\/wp-content\/uploads\/2024\/11\/IMG-20241115-WA0000-002-1-1024x768.jpg 1024w, http:\/\/grundschule-am-papenberg.de\/wordpress\/wp-content\/uploads\/2024\/11\/IMG-20241115-WA0000-002-1-300x225.jpg 300w, http:\/\/grundschule-am-papenberg.de\/wordpress\/wp-content\/uploads\/2024\/11\/IMG-20241115-WA0000-002-1-768x576.jpg 768w, http:\/\/grundschule-am-papenberg.de\/wordpress\/wp-content\/uploads\/2024\/11\/IMG-20241115-WA0000-002-1-1536x1152.jpg 1536w, http:\/\/grundschule-am-papenberg.de\/wordpress\/wp-content\/uploads\/2024\/11\/IMG-20241115-WA0000-002-1-307x230.jpg 307w, http:\/\/grundschule-am-papenberg.de\/wordpress\/wp-content\/uploads\/2024\/11\/IMG-20241115-WA0000-002-1.jpg 1600w\" sizes=\"auto, (max-width: 1024px) 100vw, 1024px\" \/><\/figure>\n<\/figure>\n\n\n\n<figure class=\"wp-block-gallery has-nested-images columns-default is-cropped wp-block-gallery-3 is-layout-flex wp-block-gallery-is-layout-flex\">\n<figure class=\"wp-block-image size-large\"><img loading=\"lazy\" decoding=\"async\" width=\"1024\" height=\"768\" data-id=\"5237\" src=\"http:\/\/grundschule-am-papenberg.de\/wordpress\/wp-content\/uploads\/2024\/11\/CIMG5930-2-1024x768.jpg\" alt=\"\" class=\"wp-image-5237\" srcset=\"http:\/\/grundschule-am-papenberg.de\/wordpress\/wp-content\/uploads\/2024\/11\/CIMG5930-2-1024x768.jpg 1024w, http:\/\/grundschule-am-papenberg.de\/wordpress\/wp-content\/uploads\/2024\/11\/CIMG5930-2-300x225.jpg 300w, http:\/\/grundschule-am-papenberg.de\/wordpress\/wp-content\/uploads\/2024\/11\/CIMG5930-2-768x576.jpg 768w, http:\/\/grundschule-am-papenberg.de\/wordpress\/wp-content\/uploads\/2024\/11\/CIMG5930-2-1536x1152.jpg 1536w, http:\/\/grundschule-am-papenberg.de\/wordpress\/wp-content\/uploads\/2024\/11\/CIMG5930-2-2048x1536.jpg 2048w, http:\/\/grundschule-am-papenberg.de\/wordpress\/wp-content\/uploads\/2024\/11\/CIMG5930-2-307x230.jpg 307w\" sizes=\"auto, (max-width: 1024px) 100vw, 1024px\" \/><\/figure>\n\n\n\n<figure class=\"wp-block-image size-large\"><img loading=\"lazy\" decoding=\"async\" width=\"1024\" height=\"768\" data-id=\"5236\" src=\"http:\/\/grundschule-am-papenberg.de\/wordpress\/wp-content\/uploads\/2024\/11\/CIMG5935-1-1024x768.jpg\" alt=\"\" class=\"wp-image-5236\" srcset=\"http:\/\/grundschule-am-papenberg.de\/wordpress\/wp-content\/uploads\/2024\/11\/CIMG5935-1-1024x768.jpg 1024w, http:\/\/grundschule-am-papenberg.de\/wordpress\/wp-content\/uploads\/2024\/11\/CIMG5935-1-300x225.jpg 300w, http:\/\/grundschule-am-papenberg.de\/wordpress\/wp-content\/uploads\/2024\/11\/CIMG5935-1-768x576.jpg 768w, http:\/\/grundschule-am-papenberg.de\/wordpress\/wp-content\/uploads\/2024\/11\/CIMG5935-1-1536x1152.jpg 1536w, http:\/\/grundschule-am-papenberg.de\/wordpress\/wp-content\/uploads\/2024\/11\/CIMG5935-1-2048x1536.jpg 2048w, http:\/\/grundschule-am-papenberg.de\/wordpress\/wp-content\/uploads\/2024\/11\/CIMG5935-1-307x230.jpg 307w\" sizes=\"auto, (max-width: 1024px) 100vw, 1024px\" \/><\/figure>\n<\/figure>\n\n\n\n<figure class=\"wp-block-gallery has-nested-images columns-default is-cropped wp-block-gallery-4 is-layout-flex wp-block-gallery-is-layout-flex\">\n<figure class=\"wp-block-image size-large\"><img loading=\"lazy\" decoding=\"async\" width=\"768\" height=\"1024\" data-id=\"5238\" src=\"http:\/\/grundschule-am-papenberg.de\/wordpress\/wp-content\/uploads\/2024\/11\/CIMG5921-2-768x1024.jpg\" alt=\"\" class=\"wp-image-5238\" srcset=\"http:\/\/grundschule-am-papenberg.de\/wordpress\/wp-content\/uploads\/2024\/11\/CIMG5921-2-768x1024.jpg 768w, http:\/\/grundschule-am-papenberg.de\/wordpress\/wp-content\/uploads\/2024\/11\/CIMG5921-2-225x300.jpg 225w, http:\/\/grundschule-am-papenberg.de\/wordpress\/wp-content\/uploads\/2024\/11\/CIMG5921-2-1152x1536.jpg 1152w, http:\/\/grundschule-am-papenberg.de\/wordpress\/wp-content\/uploads\/2024\/11\/CIMG5921-2-1536x2048.jpg 1536w, http:\/\/grundschule-am-papenberg.de\/wordpress\/wp-content\/uploads\/2024\/11\/CIMG5921-2-173x230.jpg 173w, http:\/\/grundschule-am-papenberg.de\/wordpress\/wp-content\/uploads\/2024\/11\/CIMG5921-2-scaled.jpg 1920w\" sizes=\"auto, (max-width: 768px) 100vw, 768px\" \/><\/figure>\n<\/figure>\n","protected":false},"excerpt":{"rendered":"<p>Den heutigen bundesweiten Vorlesetag nutzten auch unsere Klassen, um sich Eltern, Gro\u00dfeltern und weitere Vorleser einzuladen und spannenden Geschichten zu lauschen.Die ersten Klassen stimmten sich heute bereits auf den bevorstehenden Theaterbesuch ein und h\u00f6rten das M\u00e4rchen \u201eDie Prinzessin auf der Erbse\u201c.\u00a0 Wir bedanken uns herzlich bei den Vorlesern Frau Jordan, Frau Rodat, Frau Greisert und [&hellip;]<\/p>\n","protected":false},"author":4,"featured_media":0,"comment_status":"open","ping_status":"open","sticky":false,"template":"","format":"standard","meta":{"footnotes":""},"categories":[1],"tags":[],"class_list":["post-5223","post","type-post","status-publish","format-standard","hentry","category-allgemein"],"_links":{"self":[{"href":"http:\/\/grundschule-am-papenberg.de\/index.php?rest_route=\/wp\/v2\/posts\/5223","targetHints":{"allow":["GET"]}}],"collection":[{"href":"http:\/\/grundschule-am-papenberg.de\/index.php?rest_route=\/wp\/v2\/posts"}],"about":[{"href":"http:\/\/grundschule-am-papenberg.de\/index.php?rest_route=\/wp\/v2\/types\/post"}],"author":[{"embeddable":true,"href":"http:\/\/grundschule-am-papenberg.de\/index.php?rest_route=\/wp\/v2\/users\/4"}],"replies":[{"embeddable":true,"href":"http:\/\/grundschule-am-papenberg.de\/index.php?rest_route=%2Fwp%2Fv2%2Fcomments&post=5223"}],"version-history":[{"count":1,"href":"http:\/\/grundschule-am-papenberg.de\/index.php?rest_route=\/wp\/v2\/posts\/5223\/revisions"}],"predecessor-version":[{"id":5239,"href":"http:\/\/grundschule-am-papenberg.de\/index.php?rest_route=\/wp\/v2\/posts\/5223\/revisions\/5239"}],"wp:attachment":[{"href":"http:\/\/grundschule-am-papenberg.de\/index.php?rest_route=%2Fwp%2Fv2%2Fmedia&parent=5223"}],"wp:term":[{"taxonomy":"category","embeddable":true,"href":"http:\/\/grundschule-am-papenberg.de\/index.php?rest_route=%2Fwp%2Fv2%2Fcategories&post=5223"},{"taxonomy":"post_tag","embeddable":true,"href":"http:\/\/grundschule-am-papenberg.de\/index.php?rest_route=%2Fwp%2Fv2%2Ftags&post=5223"}],"curies":[{"name":"wp","href":"https:\/\/api.w.org\/{rel}","templated":true}]}}