{"id":5193,"date":"2024-10-16T13:30:29","date_gmt":"2024-10-16T11:30:29","guid":{"rendered":"http:\/\/grundschule-am-papenberg.de\/?p=5193"},"modified":"2024-10-16T13:30:30","modified_gmt":"2024-10-16T11:30:30","slug":"die-neue-philharmonie-zu-gast-in-unserer-schule","status":"publish","type":"post","link":"http:\/\/grundschule-am-papenberg.de\/?p=5193","title":{"rendered":"Die Neue Philharmonie zu Gast in unserer Schule"},"content":{"rendered":"\n<p>Eine besondere \u00dcberraschung gab es am 09.10.2024 f\u00fcr unsere Sch\u00fclerinnen und Sch\u00fcler der 3. und 4. Klassen. 15 Musiker der Neuen Philharmonie spielten die \u201eBilder einer Ausstellung\u201c von Modest Mussorgsky.<br>Kann man mit Kl\u00e4ngen Bilder malen? Die Antwort lautet: \u201eja\u201c.\u00a0 Die Musik belebte die Szenen so anschaulich, dass Kinder ihre Emotionen spiegeln konnten. Sie konnten erleben, wie Orchesterkl\u00e4nge sich mit eigenen Gef\u00fchlen und Erfahrungen verbinden und zu einem individuellen Konzerterlebnis werden.<\/p>\n\n\n\n<figure class=\"wp-block-image size-large\"><img loading=\"lazy\" decoding=\"async\" width=\"1024\" height=\"768\" src=\"http:\/\/grundschule-am-papenberg.de\/wordpress\/wp-content\/uploads\/2024\/10\/image4-2-1024x768.jpeg\" alt=\"\" class=\"wp-image-5201\" srcset=\"http:\/\/grundschule-am-papenberg.de\/wordpress\/wp-content\/uploads\/2024\/10\/image4-2-1024x768.jpeg 1024w, http:\/\/grundschule-am-papenberg.de\/wordpress\/wp-content\/uploads\/2024\/10\/image4-2-300x225.jpeg 300w, http:\/\/grundschule-am-papenberg.de\/wordpress\/wp-content\/uploads\/2024\/10\/image4-2-768x576.jpeg 768w, http:\/\/grundschule-am-papenberg.de\/wordpress\/wp-content\/uploads\/2024\/10\/image4-2-1536x1152.jpeg 1536w, http:\/\/grundschule-am-papenberg.de\/wordpress\/wp-content\/uploads\/2024\/10\/image4-2-2048x1536.jpeg 2048w, http:\/\/grundschule-am-papenberg.de\/wordpress\/wp-content\/uploads\/2024\/10\/image4-2-307x230.jpeg 307w\" sizes=\"auto, (max-width: 1024px) 100vw, 1024px\" \/><\/figure>\n\n\n\n<figure class=\"wp-block-gallery has-nested-images columns-default is-cropped wp-block-gallery-1 is-layout-flex wp-block-gallery-is-layout-flex\">\n<figure class=\"wp-block-image size-large\"><img loading=\"lazy\" decoding=\"async\" width=\"1024\" height=\"768\" data-id=\"5196\" src=\"http:\/\/grundschule-am-papenberg.de\/wordpress\/wp-content\/uploads\/2024\/10\/image0-1024x768.jpeg\" alt=\"\" class=\"wp-image-5196\" srcset=\"http:\/\/grundschule-am-papenberg.de\/wordpress\/wp-content\/uploads\/2024\/10\/image0-1024x768.jpeg 1024w, http:\/\/grundschule-am-papenberg.de\/wordpress\/wp-content\/uploads\/2024\/10\/image0-300x225.jpeg 300w, http:\/\/grundschule-am-papenberg.de\/wordpress\/wp-content\/uploads\/2024\/10\/image0-768x576.jpeg 768w, http:\/\/grundschule-am-papenberg.de\/wordpress\/wp-content\/uploads\/2024\/10\/image0-1536x1152.jpeg 1536w, http:\/\/grundschule-am-papenberg.de\/wordpress\/wp-content\/uploads\/2024\/10\/image0-2048x1536.jpeg 2048w, http:\/\/grundschule-am-papenberg.de\/wordpress\/wp-content\/uploads\/2024\/10\/image0-307x230.jpeg 307w\" sizes=\"auto, (max-width: 1024px) 100vw, 1024px\" \/><\/figure>\n\n\n\n<figure class=\"wp-block-image size-large\"><img loading=\"lazy\" decoding=\"async\" width=\"1024\" height=\"768\" data-id=\"5197\" src=\"http:\/\/grundschule-am-papenberg.de\/wordpress\/wp-content\/uploads\/2024\/10\/image3-1024x768.jpeg\" alt=\"\" class=\"wp-image-5197\" srcset=\"http:\/\/grundschule-am-papenberg.de\/wordpress\/wp-content\/uploads\/2024\/10\/image3-1024x768.jpeg 1024w, http:\/\/grundschule-am-papenberg.de\/wordpress\/wp-content\/uploads\/2024\/10\/image3-300x225.jpeg 300w, http:\/\/grundschule-am-papenberg.de\/wordpress\/wp-content\/uploads\/2024\/10\/image3-768x576.jpeg 768w, http:\/\/grundschule-am-papenberg.de\/wordpress\/wp-content\/uploads\/2024\/10\/image3-1536x1152.jpeg 1536w, http:\/\/grundschule-am-papenberg.de\/wordpress\/wp-content\/uploads\/2024\/10\/image3-2048x1536.jpeg 2048w, http:\/\/grundschule-am-papenberg.de\/wordpress\/wp-content\/uploads\/2024\/10\/image3-307x230.jpeg 307w\" sizes=\"auto, (max-width: 1024px) 100vw, 1024px\" \/><\/figure>\n<\/figure>\n\n\n\n<figure class=\"wp-block-gallery has-nested-images columns-default is-cropped wp-block-gallery-2 is-layout-flex wp-block-gallery-is-layout-flex\">\n<figure class=\"wp-block-image size-large\"><img loading=\"lazy\" decoding=\"async\" width=\"768\" height=\"1024\" data-id=\"5198\" src=\"http:\/\/grundschule-am-papenberg.de\/wordpress\/wp-content\/uploads\/2024\/10\/image2-1-768x1024.jpeg\" alt=\"\" class=\"wp-image-5198\" srcset=\"http:\/\/grundschule-am-papenberg.de\/wordpress\/wp-content\/uploads\/2024\/10\/image2-1-768x1024.jpeg 768w, http:\/\/grundschule-am-papenberg.de\/wordpress\/wp-content\/uploads\/2024\/10\/image2-1-225x300.jpeg 225w, http:\/\/grundschule-am-papenberg.de\/wordpress\/wp-content\/uploads\/2024\/10\/image2-1-1152x1536.jpeg 1152w, http:\/\/grundschule-am-papenberg.de\/wordpress\/wp-content\/uploads\/2024\/10\/image2-1-1536x2048.jpeg 1536w, http:\/\/grundschule-am-papenberg.de\/wordpress\/wp-content\/uploads\/2024\/10\/image2-1-173x230.jpeg 173w, http:\/\/grundschule-am-papenberg.de\/wordpress\/wp-content\/uploads\/2024\/10\/image2-1-scaled.jpeg 1920w\" sizes=\"auto, (max-width: 768px) 100vw, 768px\" \/><\/figure>\n<\/figure>\n","protected":false},"excerpt":{"rendered":"<p>Eine besondere \u00dcberraschung gab es am 09.10.2024 f\u00fcr unsere Sch\u00fclerinnen und Sch\u00fcler der 3. und 4. Klassen. 15 Musiker der Neuen Philharmonie spielten die \u201eBilder einer Ausstellung\u201c von Modest Mussorgsky.Kann man mit Kl\u00e4ngen Bilder malen? Die Antwort lautet: \u201eja\u201c.\u00a0 Die Musik belebte die Szenen so anschaulich, dass Kinder ihre Emotionen spiegeln konnten. Sie konnten erleben, [&hellip;]<\/p>\n","protected":false},"author":4,"featured_media":0,"comment_status":"open","ping_status":"open","sticky":false,"template":"","format":"standard","meta":{"footnotes":""},"categories":[1],"tags":[],"class_list":["post-5193","post","type-post","status-publish","format-standard","hentry","category-allgemein"],"_links":{"self":[{"href":"http:\/\/grundschule-am-papenberg.de\/index.php?rest_route=\/wp\/v2\/posts\/5193","targetHints":{"allow":["GET"]}}],"collection":[{"href":"http:\/\/grundschule-am-papenberg.de\/index.php?rest_route=\/wp\/v2\/posts"}],"about":[{"href":"http:\/\/grundschule-am-papenberg.de\/index.php?rest_route=\/wp\/v2\/types\/post"}],"author":[{"embeddable":true,"href":"http:\/\/grundschule-am-papenberg.de\/index.php?rest_route=\/wp\/v2\/users\/4"}],"replies":[{"embeddable":true,"href":"http:\/\/grundschule-am-papenberg.de\/index.php?rest_route=%2Fwp%2Fv2%2Fcomments&post=5193"}],"version-history":[{"count":2,"href":"http:\/\/grundschule-am-papenberg.de\/index.php?rest_route=\/wp\/v2\/posts\/5193\/revisions"}],"predecessor-version":[{"id":5202,"href":"http:\/\/grundschule-am-papenberg.de\/index.php?rest_route=\/wp\/v2\/posts\/5193\/revisions\/5202"}],"wp:attachment":[{"href":"http:\/\/grundschule-am-papenberg.de\/index.php?rest_route=%2Fwp%2Fv2%2Fmedia&parent=5193"}],"wp:term":[{"taxonomy":"category","embeddable":true,"href":"http:\/\/grundschule-am-papenberg.de\/index.php?rest_route=%2Fwp%2Fv2%2Fcategories&post=5193"},{"taxonomy":"post_tag","embeddable":true,"href":"http:\/\/grundschule-am-papenberg.de\/index.php?rest_route=%2Fwp%2Fv2%2Ftags&post=5193"}],"curies":[{"name":"wp","href":"https:\/\/api.w.org\/{rel}","templated":true}]}}