{"id":5180,"date":"2024-10-02T09:21:23","date_gmt":"2024-10-02T07:21:23","guid":{"rendered":"http:\/\/grundschule-am-papenberg.de\/?p=5180"},"modified":"2024-10-02T09:21:23","modified_gmt":"2024-10-02T07:21:23","slug":"geschenke-zum-weltkindertag","status":"publish","type":"post","link":"http:\/\/grundschule-am-papenberg.de\/?p=5180","title":{"rendered":"Geschenke zum Weltkindertag"},"content":{"rendered":"\n<p>Frau Kietzmann von der Firma Smurfit Westrock \u00fcberbrachte uns am 20.09.2024 anl\u00e4sslich des Weltkindertages ganz besondere Geschenke. Sie \u00fcberraschte die Sch\u00fclerinnen und Sch\u00fcler mit Kopfh\u00f6rern, die unter anderem im Rahmen des Lesebandes genutzt werden k\u00f6nnen. Herzlichen Dank daf\u00fcr!<\/p>\n\n\n\n<figure class=\"wp-block-image size-large\"><img loading=\"lazy\" decoding=\"async\" width=\"1024\" height=\"768\" src=\"http:\/\/grundschule-am-papenberg.de\/wordpress\/wp-content\/uploads\/2024\/10\/IMG-20241002-WA0002-1024x768.jpg\" alt=\"\" class=\"wp-image-5181\" srcset=\"http:\/\/grundschule-am-papenberg.de\/wordpress\/wp-content\/uploads\/2024\/10\/IMG-20241002-WA0002-1024x768.jpg 1024w, http:\/\/grundschule-am-papenberg.de\/wordpress\/wp-content\/uploads\/2024\/10\/IMG-20241002-WA0002-300x225.jpg 300w, http:\/\/grundschule-am-papenberg.de\/wordpress\/wp-content\/uploads\/2024\/10\/IMG-20241002-WA0002-768x576.jpg 768w, http:\/\/grundschule-am-papenberg.de\/wordpress\/wp-content\/uploads\/2024\/10\/IMG-20241002-WA0002-1536x1152.jpg 1536w, http:\/\/grundschule-am-papenberg.de\/wordpress\/wp-content\/uploads\/2024\/10\/IMG-20241002-WA0002-307x230.jpg 307w, http:\/\/grundschule-am-papenberg.de\/wordpress\/wp-content\/uploads\/2024\/10\/IMG-20241002-WA0002.jpg 1600w\" sizes=\"auto, (max-width: 1024px) 100vw, 1024px\" \/><\/figure>\n","protected":false},"excerpt":{"rendered":"<p>Frau Kietzmann von der Firma Smurfit Westrock \u00fcberbrachte uns am 20.09.2024 anl\u00e4sslich des Weltkindertages ganz besondere Geschenke. Sie \u00fcberraschte die Sch\u00fclerinnen und Sch\u00fcler mit Kopfh\u00f6rern, die unter anderem im Rahmen des Lesebandes genutzt werden k\u00f6nnen. Herzlichen Dank daf\u00fcr!<\/p>\n","protected":false},"author":4,"featured_media":0,"comment_status":"open","ping_status":"open","sticky":false,"template":"","format":"standard","meta":{"footnotes":""},"categories":[1],"tags":[],"class_list":["post-5180","post","type-post","status-publish","format-standard","hentry","category-allgemein"],"_links":{"self":[{"href":"http:\/\/grundschule-am-papenberg.de\/index.php?rest_route=\/wp\/v2\/posts\/5180","targetHints":{"allow":["GET"]}}],"collection":[{"href":"http:\/\/grundschule-am-papenberg.de\/index.php?rest_route=\/wp\/v2\/posts"}],"about":[{"href":"http:\/\/grundschule-am-papenberg.de\/index.php?rest_route=\/wp\/v2\/types\/post"}],"author":[{"embeddable":true,"href":"http:\/\/grundschule-am-papenberg.de\/index.php?rest_route=\/wp\/v2\/users\/4"}],"replies":[{"embeddable":true,"href":"http:\/\/grundschule-am-papenberg.de\/index.php?rest_route=%2Fwp%2Fv2%2Fcomments&post=5180"}],"version-history":[{"count":1,"href":"http:\/\/grundschule-am-papenberg.de\/index.php?rest_route=\/wp\/v2\/posts\/5180\/revisions"}],"predecessor-version":[{"id":5182,"href":"http:\/\/grundschule-am-papenberg.de\/index.php?rest_route=\/wp\/v2\/posts\/5180\/revisions\/5182"}],"wp:attachment":[{"href":"http:\/\/grundschule-am-papenberg.de\/index.php?rest_route=%2Fwp%2Fv2%2Fmedia&parent=5180"}],"wp:term":[{"taxonomy":"category","embeddable":true,"href":"http:\/\/grundschule-am-papenberg.de\/index.php?rest_route=%2Fwp%2Fv2%2Fcategories&post=5180"},{"taxonomy":"post_tag","embeddable":true,"href":"http:\/\/grundschule-am-papenberg.de\/index.php?rest_route=%2Fwp%2Fv2%2Ftags&post=5180"}],"curies":[{"name":"wp","href":"https:\/\/api.w.org\/{rel}","templated":true}]}}