{"id":5165,"date":"2024-09-23T13:50:30","date_gmt":"2024-09-23T11:50:30","guid":{"rendered":"http:\/\/grundschule-am-papenberg.de\/?p=5165"},"modified":"2024-09-23T13:50:32","modified_gmt":"2024-09-23T11:50:32","slug":"weltkindertag","status":"publish","type":"post","link":"http:\/\/grundschule-am-papenberg.de\/?p=5165","title":{"rendered":"Weltkindertag"},"content":{"rendered":"\n<p>Anl\u00e4sslich des Weltkindertages organisierte der Warener Innenstadt Verein heute ein tolles Fest f\u00fcr die Kinder. Unsere Grundsch\u00fcler durften somit einen gro\u00dfartigen Tag auf dem Neuen Markt erleben. Sie bemalten Tonnen, Leuchtt\u00fcrme und B\u00e4nke, welche sp\u00e4ter sogar unseren Schulhof zieren werden. Auch die Talenteshow bot viele hervorragende K\u00fcnstler, die sich \u00fcber einen riesigen Applaus freuen durften. Und der sch\u00f6nste Abschluss des Festes waren die leckeren Nudeln mit Tomatenso\u00dfe, die wirklich allen Kindern schmeckten.<br>Wir bedanken uns ganz herzlich beim Warener Innenstadt Verein f\u00fcr den sch\u00f6nen Tag!<\/p>\n\n\n\n<figure class=\"wp-block-image size-large\"><img loading=\"lazy\" decoding=\"async\" width=\"768\" height=\"1024\" src=\"http:\/\/grundschule-am-papenberg.de\/wordpress\/wp-content\/uploads\/2024\/09\/Foto-20.09.24-09-49-36-002-1-768x1024.jpg\" alt=\"\" class=\"wp-image-5170\" srcset=\"http:\/\/grundschule-am-papenberg.de\/wordpress\/wp-content\/uploads\/2024\/09\/Foto-20.09.24-09-49-36-002-1-768x1024.jpg 768w, http:\/\/grundschule-am-papenberg.de\/wordpress\/wp-content\/uploads\/2024\/09\/Foto-20.09.24-09-49-36-002-1-225x300.jpg 225w, http:\/\/grundschule-am-papenberg.de\/wordpress\/wp-content\/uploads\/2024\/09\/Foto-20.09.24-09-49-36-002-1-1152x1536.jpg 1152w, http:\/\/grundschule-am-papenberg.de\/wordpress\/wp-content\/uploads\/2024\/09\/Foto-20.09.24-09-49-36-002-1-1536x2048.jpg 1536w, http:\/\/grundschule-am-papenberg.de\/wordpress\/wp-content\/uploads\/2024\/09\/Foto-20.09.24-09-49-36-002-1-173x230.jpg 173w, http:\/\/grundschule-am-papenberg.de\/wordpress\/wp-content\/uploads\/2024\/09\/Foto-20.09.24-09-49-36-002-1-scaled.jpg 1920w\" sizes=\"auto, (max-width: 768px) 100vw, 768px\" \/><\/figure>\n\n\n\n<figure class=\"wp-block-image size-large\"><img loading=\"lazy\" decoding=\"async\" width=\"1024\" height=\"768\" src=\"http:\/\/grundschule-am-papenberg.de\/wordpress\/wp-content\/uploads\/2024\/09\/Foto-20.09.24-10-08-52-002-1-1024x768.jpg\" alt=\"\" class=\"wp-image-5171\" srcset=\"http:\/\/grundschule-am-papenberg.de\/wordpress\/wp-content\/uploads\/2024\/09\/Foto-20.09.24-10-08-52-002-1-1024x768.jpg 1024w, http:\/\/grundschule-am-papenberg.de\/wordpress\/wp-content\/uploads\/2024\/09\/Foto-20.09.24-10-08-52-002-1-300x225.jpg 300w, http:\/\/grundschule-am-papenberg.de\/wordpress\/wp-content\/uploads\/2024\/09\/Foto-20.09.24-10-08-52-002-1-768x576.jpg 768w, http:\/\/grundschule-am-papenberg.de\/wordpress\/wp-content\/uploads\/2024\/09\/Foto-20.09.24-10-08-52-002-1-1536x1152.jpg 1536w, http:\/\/grundschule-am-papenberg.de\/wordpress\/wp-content\/uploads\/2024\/09\/Foto-20.09.24-10-08-52-002-1-2048x1536.jpg 2048w, http:\/\/grundschule-am-papenberg.de\/wordpress\/wp-content\/uploads\/2024\/09\/Foto-20.09.24-10-08-52-002-1-307x230.jpg 307w\" sizes=\"auto, (max-width: 1024px) 100vw, 1024px\" \/><\/figure>\n\n\n\n<figure class=\"wp-block-image size-large\"><img loading=\"lazy\" decoding=\"async\" width=\"1024\" height=\"601\" src=\"http:\/\/grundschule-am-papenberg.de\/wordpress\/wp-content\/uploads\/2024\/09\/Foto-20.09.24-10-38-48-002-1-1024x601.jpg\" alt=\"\" class=\"wp-image-5172\" srcset=\"http:\/\/grundschule-am-papenberg.de\/wordpress\/wp-content\/uploads\/2024\/09\/Foto-20.09.24-10-38-48-002-1-1024x601.jpg 1024w, http:\/\/grundschule-am-papenberg.de\/wordpress\/wp-content\/uploads\/2024\/09\/Foto-20.09.24-10-38-48-002-1-300x176.jpg 300w, http:\/\/grundschule-am-papenberg.de\/wordpress\/wp-content\/uploads\/2024\/09\/Foto-20.09.24-10-38-48-002-1-768x451.jpg 768w, http:\/\/grundschule-am-papenberg.de\/wordpress\/wp-content\/uploads\/2024\/09\/Foto-20.09.24-10-38-48-002-1-1536x901.jpg 1536w, http:\/\/grundschule-am-papenberg.de\/wordpress\/wp-content\/uploads\/2024\/09\/Foto-20.09.24-10-38-48-002-1-2048x1202.jpg 2048w, http:\/\/grundschule-am-papenberg.de\/wordpress\/wp-content\/uploads\/2024\/09\/Foto-20.09.24-10-38-48-002-1-392x230.jpg 392w\" sizes=\"auto, (max-width: 1024px) 100vw, 1024px\" \/><\/figure>\n\n\n\n<figure class=\"wp-block-image size-large\"><img loading=\"lazy\" decoding=\"async\" width=\"1024\" height=\"768\" src=\"http:\/\/grundschule-am-papenberg.de\/wordpress\/wp-content\/uploads\/2024\/09\/Foto-20.09.24-11-10-48-002-1-1024x768.jpg\" alt=\"\" class=\"wp-image-5173\" srcset=\"http:\/\/grundschule-am-papenberg.de\/wordpress\/wp-content\/uploads\/2024\/09\/Foto-20.09.24-11-10-48-002-1-1024x768.jpg 1024w, http:\/\/grundschule-am-papenberg.de\/wordpress\/wp-content\/uploads\/2024\/09\/Foto-20.09.24-11-10-48-002-1-300x225.jpg 300w, http:\/\/grundschule-am-papenberg.de\/wordpress\/wp-content\/uploads\/2024\/09\/Foto-20.09.24-11-10-48-002-1-768x576.jpg 768w, http:\/\/grundschule-am-papenberg.de\/wordpress\/wp-content\/uploads\/2024\/09\/Foto-20.09.24-11-10-48-002-1-1536x1152.jpg 1536w, http:\/\/grundschule-am-papenberg.de\/wordpress\/wp-content\/uploads\/2024\/09\/Foto-20.09.24-11-10-48-002-1-2048x1536.jpg 2048w, http:\/\/grundschule-am-papenberg.de\/wordpress\/wp-content\/uploads\/2024\/09\/Foto-20.09.24-11-10-48-002-1-307x230.jpg 307w\" sizes=\"auto, (max-width: 1024px) 100vw, 1024px\" \/><\/figure>\n","protected":false},"excerpt":{"rendered":"<p>Anl\u00e4sslich des Weltkindertages organisierte der Warener Innenstadt Verein heute ein tolles Fest f\u00fcr die Kinder. Unsere Grundsch\u00fcler durften somit einen gro\u00dfartigen Tag auf dem Neuen Markt erleben. Sie bemalten Tonnen, Leuchtt\u00fcrme und B\u00e4nke, welche sp\u00e4ter sogar unseren Schulhof zieren werden. Auch die Talenteshow bot viele hervorragende K\u00fcnstler, die sich \u00fcber einen riesigen Applaus freuen durften. [&hellip;]<\/p>\n","protected":false},"author":4,"featured_media":0,"comment_status":"open","ping_status":"open","sticky":false,"template":"","format":"standard","meta":{"footnotes":""},"categories":[1],"tags":[],"class_list":["post-5165","post","type-post","status-publish","format-standard","hentry","category-allgemein"],"_links":{"self":[{"href":"http:\/\/grundschule-am-papenberg.de\/index.php?rest_route=\/wp\/v2\/posts\/5165","targetHints":{"allow":["GET"]}}],"collection":[{"href":"http:\/\/grundschule-am-papenberg.de\/index.php?rest_route=\/wp\/v2\/posts"}],"about":[{"href":"http:\/\/grundschule-am-papenberg.de\/index.php?rest_route=\/wp\/v2\/types\/post"}],"author":[{"embeddable":true,"href":"http:\/\/grundschule-am-papenberg.de\/index.php?rest_route=\/wp\/v2\/users\/4"}],"replies":[{"embeddable":true,"href":"http:\/\/grundschule-am-papenberg.de\/index.php?rest_route=%2Fwp%2Fv2%2Fcomments&post=5165"}],"version-history":[{"count":1,"href":"http:\/\/grundschule-am-papenberg.de\/index.php?rest_route=\/wp\/v2\/posts\/5165\/revisions"}],"predecessor-version":[{"id":5174,"href":"http:\/\/grundschule-am-papenberg.de\/index.php?rest_route=\/wp\/v2\/posts\/5165\/revisions\/5174"}],"wp:attachment":[{"href":"http:\/\/grundschule-am-papenberg.de\/index.php?rest_route=%2Fwp%2Fv2%2Fmedia&parent=5165"}],"wp:term":[{"taxonomy":"category","embeddable":true,"href":"http:\/\/grundschule-am-papenberg.de\/index.php?rest_route=%2Fwp%2Fv2%2Fcategories&post=5165"},{"taxonomy":"post_tag","embeddable":true,"href":"http:\/\/grundschule-am-papenberg.de\/index.php?rest_route=%2Fwp%2Fv2%2Ftags&post=5165"}],"curies":[{"name":"wp","href":"https:\/\/api.w.org\/{rel}","templated":true}]}}