{"id":5093,"date":"2024-07-18T14:45:27","date_gmt":"2024-07-18T12:45:27","guid":{"rendered":"http:\/\/grundschule-am-papenberg.de\/?p=5093"},"modified":"2024-07-18T14:45:28","modified_gmt":"2024-07-18T12:45:28","slug":"letzter-schultag","status":"publish","type":"post","link":"http:\/\/grundschule-am-papenberg.de\/?p=5093","title":{"rendered":"Letzter Schultag"},"content":{"rendered":"\n<p>Nicht nur die Viertkl\u00e4ssler haben am morgigen Freitag ihren letzten Tag in unserer Schule, sondern auch 2 Lehrerinnen und eine unterst\u00fctzende p\u00e4dagogische Fachkraft (upF). Bereits am Dienstag haben sich alle Klassen in der Pausenhalle von Frau Kaschel, Frau Thoma und Herrn Mayer mit Blumen, Bildern und Geschenken verabschiedetet. Nach der r\u00fchrenden Rede von Frau Sagunski sangen die Klassen 1b und 3a noch zwei wundersch\u00f6ne Lieder, die bei vielen f\u00fcr G\u00e4nsehaut und Tr\u00e4nchen sorgten.<br>Wir w\u00fcnschen Frau Kaschel, Frau Thoma und Herrn Mayer f\u00fcr ihren Ruhestand alles erdenklich Gute!<\/p>\n\n\n\n<figure class=\"wp-block-image size-large\"><img loading=\"lazy\" decoding=\"async\" width=\"1024\" height=\"683\" src=\"http:\/\/grundschule-am-papenberg.de\/wordpress\/wp-content\/uploads\/2024\/07\/1IMG_4327-1024x683.jpg\" alt=\"\" class=\"wp-image-5094\" srcset=\"http:\/\/grundschule-am-papenberg.de\/wordpress\/wp-content\/uploads\/2024\/07\/1IMG_4327-1024x683.jpg 1024w, http:\/\/grundschule-am-papenberg.de\/wordpress\/wp-content\/uploads\/2024\/07\/1IMG_4327-300x200.jpg 300w, http:\/\/grundschule-am-papenberg.de\/wordpress\/wp-content\/uploads\/2024\/07\/1IMG_4327-768x512.jpg 768w, http:\/\/grundschule-am-papenberg.de\/wordpress\/wp-content\/uploads\/2024\/07\/1IMG_4327-1536x1024.jpg 1536w, http:\/\/grundschule-am-papenberg.de\/wordpress\/wp-content\/uploads\/2024\/07\/1IMG_4327-2048x1365.jpg 2048w, http:\/\/grundschule-am-papenberg.de\/wordpress\/wp-content\/uploads\/2024\/07\/1IMG_4327-345x230.jpg 345w\" sizes=\"auto, (max-width: 1024px) 100vw, 1024px\" \/><\/figure>\n","protected":false},"excerpt":{"rendered":"<p>Nicht nur die Viertkl\u00e4ssler haben am morgigen Freitag ihren letzten Tag in unserer Schule, sondern auch 2 Lehrerinnen und eine unterst\u00fctzende p\u00e4dagogische Fachkraft (upF). Bereits am Dienstag haben sich alle Klassen in der Pausenhalle von Frau Kaschel, Frau Thoma und Herrn Mayer mit Blumen, Bildern und Geschenken verabschiedetet. Nach der r\u00fchrenden Rede von Frau Sagunski [&hellip;]<\/p>\n","protected":false},"author":4,"featured_media":0,"comment_status":"open","ping_status":"open","sticky":false,"template":"","format":"standard","meta":{"footnotes":""},"categories":[1],"tags":[],"class_list":["post-5093","post","type-post","status-publish","format-standard","hentry","category-allgemein"],"_links":{"self":[{"href":"http:\/\/grundschule-am-papenberg.de\/index.php?rest_route=\/wp\/v2\/posts\/5093","targetHints":{"allow":["GET"]}}],"collection":[{"href":"http:\/\/grundschule-am-papenberg.de\/index.php?rest_route=\/wp\/v2\/posts"}],"about":[{"href":"http:\/\/grundschule-am-papenberg.de\/index.php?rest_route=\/wp\/v2\/types\/post"}],"author":[{"embeddable":true,"href":"http:\/\/grundschule-am-papenberg.de\/index.php?rest_route=\/wp\/v2\/users\/4"}],"replies":[{"embeddable":true,"href":"http:\/\/grundschule-am-papenberg.de\/index.php?rest_route=%2Fwp%2Fv2%2Fcomments&post=5093"}],"version-history":[{"count":1,"href":"http:\/\/grundschule-am-papenberg.de\/index.php?rest_route=\/wp\/v2\/posts\/5093\/revisions"}],"predecessor-version":[{"id":5095,"href":"http:\/\/grundschule-am-papenberg.de\/index.php?rest_route=\/wp\/v2\/posts\/5093\/revisions\/5095"}],"wp:attachment":[{"href":"http:\/\/grundschule-am-papenberg.de\/index.php?rest_route=%2Fwp%2Fv2%2Fmedia&parent=5093"}],"wp:term":[{"taxonomy":"category","embeddable":true,"href":"http:\/\/grundschule-am-papenberg.de\/index.php?rest_route=%2Fwp%2Fv2%2Fcategories&post=5093"},{"taxonomy":"post_tag","embeddable":true,"href":"http:\/\/grundschule-am-papenberg.de\/index.php?rest_route=%2Fwp%2Fv2%2Ftags&post=5093"}],"curies":[{"name":"wp","href":"https:\/\/api.w.org\/{rel}","templated":true}]}}