{"id":4315,"date":"2022-11-18T12:22:50","date_gmt":"2022-11-18T11:22:50","guid":{"rendered":"http:\/\/grundschule-am-papenberg.de\/?p=4315"},"modified":"2025-07-14T14:55:31","modified_gmt":"2025-07-14T12:55:31","slug":"eroeffnung-unserer-bibliothek","status":"publish","type":"post","link":"http:\/\/grundschule-am-papenberg.de\/?p=4315","title":{"rendered":"Er\u00f6ffnung unserer Bibliothek"},"content":{"rendered":"\n<p>James Kr\u00fcss schreibt in einem Gedicht f\u00fcr Kinder:<\/p>\n\n\n\n<p class=\"has-luminous-vivid-orange-color has-text-color\">Das Lesen, Kinder, macht Vergn\u00fcgen,<\/p>\n\n\n\n<p class=\"has-luminous-vivid-orange-color has-text-color\">vorausgesetzt, dass man es kann.<\/p>\n\n\n\n<p class=\"has-luminous-vivid-orange-color has-text-color\">In Stra\u00dfenbahnen und in Z\u00fcgen,<\/p>\n\n\n\n<p class=\"has-luminous-vivid-orange-color has-text-color\">und auch zu Haus liest jedermann.<\/p>\n\n\n\n<p class=\"has-luminous-vivid-orange-color has-text-color\">Wer lesen kann und B\u00fccher hat,<\/p>\n\n\n\n<p class=\"has-luminous-vivid-orange-color has-text-color\">ist nie allein in Land und Stadt.<\/p>\n\n\n\n<p class=\"has-luminous-vivid-orange-color has-text-color\">Ein Buch, das uns gef\u00e4llt,<\/p>\n\n\n\n<p class=\"has-luminous-vivid-orange-color has-text-color\">hilft weiter durch die Welt.<\/p>\n\n\n\n<p>Vor einem Jahr kam uns der Gedanke, eine Bibliothek f\u00fcr unsere Sch\u00fcler einzurichten. In der Zeit von Smartphone, Tablet und Computer noch eine Bibliothek aufbauen? Wie sinnvoll ist das? Ist das Buch wirklich noch zeitgem\u00e4\u00df? All diese Fragen stellten wir uns. Ja, es gibt eine Antwort darauf:<\/p>\n\n\n\n<p><strong>Ein Kind das liest, wird ein Erwachsener, der denkt.<\/strong><\/p>\n\n\n\n<p>Gerade das Lesen ist doch ein Schritt, um in andere Welten einzutauchen, seiner Fantasie und seinen Tr\u00e4umen freien Lauf zu lassen.<\/p>\n\n\n\n<p><strong>Es gibt keine Kinder, die nicht gern lesen. Sondern nur solche, die noch nicht das richtige Buch gefunden haben.<\/strong><\/p>\n\n\n\n<p>Eine Bibliothek, ist ein Ort, wo man aus einer F\u00fclle von B\u00fcchern ausw\u00e4hlen, innehalten, abschalten und Neues entdecken kann. In der Bibliothek, die nun entstanden ist, k\u00f6nnen unsere Kinder mit Freunden oder Mitsch\u00fclern B\u00fccher ausleihen oder sie gleich lesen. Man kann auch seine eigenen Leseerfahrungen an andere weitergeben. Jeden Monat erhalten wir eine B\u00fccherkiste der Stadtbibliothek Waren, die unser Leseangebot erweitert.<\/p>\n\n\n\n<p>F\u00fcr die Realisierung unseres Vorhabens machten wir uns bereits vor einem Jahr auf den Weg.<\/p>\n\n\n\n<p>Wir erhielten vom Lionsclub eine gro\u00dfe finanzielle Unterst\u00fctzung als Startkapital. Weitere Sponsoren konnten wir schnell f\u00fcr unser Projekt gewinnen.<\/p>\n\n\n\n<p>Endlich war es so weit \u2013 am 17. November 2022 \u2013 ein Tag vor dem bundesweiten Vorlesetag, begr\u00fc\u00dften alle Kinder der Schule mit einem bunten Programm unsere G\u00e4ste.<\/p>\n\n\n\n<p>Durch zwei Filmbeitr\u00e4ge, die von unserer Kollegin Tina Holzbach produziert wurden, pr\u00e4sentierten wir zum einen den Wunsch der Kinder nach einer eigenen Bibliothek und zum anderen die Fertigstellung. So wurde deutlich, was wir gemeinsam erreichen konnten.<\/p>\n\n\n\n<p>Die Klassensprecher der 3. Klassen hatten die Ehre, das rote Band symbolisch zu zerschneiden.<\/p>\n\n\n\n<p>Zum Geburtstag der Bibliothek gab es viele gute Kinderw\u00fcnsche, z.B. \u201eIch w\u00fcnsche dir viele neugierige Leser.\u201c und \u201eIch w\u00fcnsche dir, dass du weiter w\u00e4chst.\u201c Diese wurden an bunten Luftballons befestigt und unter dem Jubel aller Sch\u00fcler schwebten sie nach oben.<\/p>\n\n\n\n<p>Die Klassensprecher der 4. Klassen f\u00fchrten im Anschluss unsere G\u00e4ste durch das neue Schmuckst\u00fcck des Hauses und luden sie zu einer Tasse Kaffee und einem St\u00fcck Kuchen ein. Wir bedanken uns bei allen Familien, Freunden und Bekannten f\u00fcr die zahlreichen B\u00fccher- und Geldspenden, sowie die gro\u00dfartige Unterst\u00fctzung durch die M\u00fcritz-Sparkasse, der Stadt Waren, der Firma Garten-, Landschafts- und Sportplatzbau Ehlermann, Lithonplus, Optimal Media, WOGEWA, Eggersmann, M\u00f6bel-Kallies, Zuther + Hautmann und Smurfit Kappa.<\/p>\n\n\n\n<figure class=\"wp-block-gallery has-nested-images columns-default is-cropped wp-block-gallery-1 is-layout-flex wp-block-gallery-is-layout-flex\">\n<figure class=\"wp-block-image size-large\"><img loading=\"lazy\" decoding=\"async\" width=\"2560\" height=\"1920\" data-id=\"4324\" src=\"http:\/\/grundschule-am-papenberg.de\/wordpress\/wp-content\/uploads\/2022\/11\/CIMG5015h-scaled.jpg\" alt=\"\" class=\"wp-image-4324\" srcset=\"http:\/\/grundschule-am-papenberg.de\/wordpress\/wp-content\/uploads\/2022\/11\/CIMG5015h-scaled.jpg 2560w, http:\/\/grundschule-am-papenberg.de\/wordpress\/wp-content\/uploads\/2022\/11\/CIMG5015h-300x225.jpg 300w, http:\/\/grundschule-am-papenberg.de\/wordpress\/wp-content\/uploads\/2022\/11\/CIMG5015h-1024x768.jpg 1024w, http:\/\/grundschule-am-papenberg.de\/wordpress\/wp-content\/uploads\/2022\/11\/CIMG5015h-768x576.jpg 768w, http:\/\/grundschule-am-papenberg.de\/wordpress\/wp-content\/uploads\/2022\/11\/CIMG5015h-1536x1152.jpg 1536w, http:\/\/grundschule-am-papenberg.de\/wordpress\/wp-content\/uploads\/2022\/11\/CIMG5015h-2048x1536.jpg 2048w, http:\/\/grundschule-am-papenberg.de\/wordpress\/wp-content\/uploads\/2022\/11\/CIMG5015h-307x230.jpg 307w\" sizes=\"auto, (max-width: 2560px) 100vw, 2560px\" \/><\/figure>\n\n\n\n<figure class=\"wp-block-image size-large\"><img loading=\"lazy\" decoding=\"async\" width=\"2560\" height=\"1920\" data-id=\"4322\" src=\"http:\/\/grundschule-am-papenberg.de\/wordpress\/wp-content\/uploads\/2022\/11\/20221117_103441-scaled.jpg\" alt=\"\" class=\"wp-image-4322\" srcset=\"http:\/\/grundschule-am-papenberg.de\/wordpress\/wp-content\/uploads\/2022\/11\/20221117_103441-scaled.jpg 2560w, http:\/\/grundschule-am-papenberg.de\/wordpress\/wp-content\/uploads\/2022\/11\/20221117_103441-300x225.jpg 300w, http:\/\/grundschule-am-papenberg.de\/wordpress\/wp-content\/uploads\/2022\/11\/20221117_103441-1024x768.jpg 1024w, http:\/\/grundschule-am-papenberg.de\/wordpress\/wp-content\/uploads\/2022\/11\/20221117_103441-768x576.jpg 768w, http:\/\/grundschule-am-papenberg.de\/wordpress\/wp-content\/uploads\/2022\/11\/20221117_103441-1536x1152.jpg 1536w, http:\/\/grundschule-am-papenberg.de\/wordpress\/wp-content\/uploads\/2022\/11\/20221117_103441-2048x1536.jpg 2048w, http:\/\/grundschule-am-papenberg.de\/wordpress\/wp-content\/uploads\/2022\/11\/20221117_103441-307x230.jpg 307w\" sizes=\"auto, (max-width: 2560px) 100vw, 2560px\" \/><\/figure>\n\n\n\n<figure class=\"wp-block-image size-large\"><img loading=\"lazy\" decoding=\"async\" width=\"2560\" height=\"2074\" data-id=\"4321\" src=\"http:\/\/grundschule-am-papenberg.de\/wordpress\/wp-content\/uploads\/2022\/11\/20221117_103401-3-scaled.jpg\" alt=\"\" class=\"wp-image-4321\" srcset=\"http:\/\/grundschule-am-papenberg.de\/wordpress\/wp-content\/uploads\/2022\/11\/20221117_103401-3-scaled.jpg 2560w, http:\/\/grundschule-am-papenberg.de\/wordpress\/wp-content\/uploads\/2022\/11\/20221117_103401-3-300x243.jpg 300w, http:\/\/grundschule-am-papenberg.de\/wordpress\/wp-content\/uploads\/2022\/11\/20221117_103401-3-1024x830.jpg 1024w, http:\/\/grundschule-am-papenberg.de\/wordpress\/wp-content\/uploads\/2022\/11\/20221117_103401-3-768x622.jpg 768w, http:\/\/grundschule-am-papenberg.de\/wordpress\/wp-content\/uploads\/2022\/11\/20221117_103401-3-1536x1245.jpg 1536w, http:\/\/grundschule-am-papenberg.de\/wordpress\/wp-content\/uploads\/2022\/11\/20221117_103401-3-2048x1660.jpg 2048w, http:\/\/grundschule-am-papenberg.de\/wordpress\/wp-content\/uploads\/2022\/11\/20221117_103401-3-284x230.jpg 284w\" sizes=\"auto, (max-width: 2560px) 100vw, 2560px\" \/><\/figure>\n\n\n\n<figure class=\"wp-block-image size-large\"><img loading=\"lazy\" decoding=\"async\" width=\"1823\" height=\"2560\" data-id=\"4320\" src=\"http:\/\/grundschule-am-papenberg.de\/wordpress\/wp-content\/uploads\/2022\/11\/20221117_103223-scaled.jpg\" alt=\"\" class=\"wp-image-4320\" srcset=\"http:\/\/grundschule-am-papenberg.de\/wordpress\/wp-content\/uploads\/2022\/11\/20221117_103223-scaled.jpg 1823w, http:\/\/grundschule-am-papenberg.de\/wordpress\/wp-content\/uploads\/2022\/11\/20221117_103223-214x300.jpg 214w, http:\/\/grundschule-am-papenberg.de\/wordpress\/wp-content\/uploads\/2022\/11\/20221117_103223-729x1024.jpg 729w, http:\/\/grundschule-am-papenberg.de\/wordpress\/wp-content\/uploads\/2022\/11\/20221117_103223-768x1079.jpg 768w, http:\/\/grundschule-am-papenberg.de\/wordpress\/wp-content\/uploads\/2022\/11\/20221117_103223-1094x1536.jpg 1094w, http:\/\/grundschule-am-papenberg.de\/wordpress\/wp-content\/uploads\/2022\/11\/20221117_103223-1458x2048.jpg 1458w, http:\/\/grundschule-am-papenberg.de\/wordpress\/wp-content\/uploads\/2022\/11\/20221117_103223-164x230.jpg 164w\" sizes=\"auto, (max-width: 1823px) 100vw, 1823px\" \/><\/figure>\n\n\n\n<figure class=\"wp-block-image size-large\"><img loading=\"lazy\" decoding=\"async\" width=\"2560\" height=\"1920\" data-id=\"4318\" src=\"http:\/\/grundschule-am-papenberg.de\/wordpress\/wp-content\/uploads\/2022\/11\/20221117_101923-edit-20221118091203-scaled.jpg\" alt=\"\" class=\"wp-image-4318\" srcset=\"http:\/\/grundschule-am-papenberg.de\/wordpress\/wp-content\/uploads\/2022\/11\/20221117_101923-edit-20221118091203-scaled.jpg 2560w, http:\/\/grundschule-am-papenberg.de\/wordpress\/wp-content\/uploads\/2022\/11\/20221117_101923-edit-20221118091203-300x225.jpg 300w, http:\/\/grundschule-am-papenberg.de\/wordpress\/wp-content\/uploads\/2022\/11\/20221117_101923-edit-20221118091203-1024x768.jpg 1024w, http:\/\/grundschule-am-papenberg.de\/wordpress\/wp-content\/uploads\/2022\/11\/20221117_101923-edit-20221118091203-768x576.jpg 768w, http:\/\/grundschule-am-papenberg.de\/wordpress\/wp-content\/uploads\/2022\/11\/20221117_101923-edit-20221118091203-1536x1152.jpg 1536w, http:\/\/grundschule-am-papenberg.de\/wordpress\/wp-content\/uploads\/2022\/11\/20221117_101923-edit-20221118091203-2048x1536.jpg 2048w, http:\/\/grundschule-am-papenberg.de\/wordpress\/wp-content\/uploads\/2022\/11\/20221117_101923-edit-20221118091203-307x230.jpg 307w\" sizes=\"auto, (max-width: 2560px) 100vw, 2560px\" \/><\/figure>\n\n\n\n<figure class=\"wp-block-image size-large\"><img loading=\"lazy\" decoding=\"async\" width=\"2560\" height=\"1920\" data-id=\"4317\" src=\"http:\/\/grundschule-am-papenberg.de\/wordpress\/wp-content\/uploads\/2022\/11\/20221117_101804-scaled.jpg\" alt=\"\" class=\"wp-image-4317\" srcset=\"http:\/\/grundschule-am-papenberg.de\/wordpress\/wp-content\/uploads\/2022\/11\/20221117_101804-scaled.jpg 2560w, http:\/\/grundschule-am-papenberg.de\/wordpress\/wp-content\/uploads\/2022\/11\/20221117_101804-300x225.jpg 300w, http:\/\/grundschule-am-papenberg.de\/wordpress\/wp-content\/uploads\/2022\/11\/20221117_101804-1024x768.jpg 1024w, http:\/\/grundschule-am-papenberg.de\/wordpress\/wp-content\/uploads\/2022\/11\/20221117_101804-768x576.jpg 768w, http:\/\/grundschule-am-papenberg.de\/wordpress\/wp-content\/uploads\/2022\/11\/20221117_101804-1536x1152.jpg 1536w, http:\/\/grundschule-am-papenberg.de\/wordpress\/wp-content\/uploads\/2022\/11\/20221117_101804-2048x1536.jpg 2048w, http:\/\/grundschule-am-papenberg.de\/wordpress\/wp-content\/uploads\/2022\/11\/20221117_101804-307x230.jpg 307w\" sizes=\"auto, (max-width: 2560px) 100vw, 2560px\" \/><\/figure>\n<\/figure>\n\n\n\n<p><\/p>\n\n\n\n<figure class=\"wp-block-embed is-type-video is-provider-youtube wp-block-embed-youtube wp-embed-aspect-16-9 wp-has-aspect-ratio\"><div class=\"wp-block-embed__wrapper\">\n<iframe loading=\"lazy\" title=\"Er\u00f6ffnung unserer Sch\u00fclerbibliothek  - Grundschule Am Papenberg in Waren (M\u00fcritz)\" width=\"640\" height=\"360\" src=\"https:\/\/www.youtube.com\/embed\/21ltd_xpwG4?feature=oembed\" frameborder=\"0\" allow=\"accelerometer; autoplay; clipboard-write; encrypted-media; gyroscope; picture-in-picture; web-share\" referrerpolicy=\"strict-origin-when-cross-origin\" allowfullscreen><\/iframe>\n<\/div><\/figure>\n","protected":false},"excerpt":{"rendered":"<p>James Kr\u00fcss schreibt in einem Gedicht f\u00fcr Kinder: Das Lesen, Kinder, macht Vergn\u00fcgen, vorausgesetzt, dass man es kann. In Stra\u00dfenbahnen und in Z\u00fcgen, und auch zu Haus liest jedermann. Wer lesen kann und B\u00fccher hat, ist nie allein in Land und Stadt. Ein Buch, das uns gef\u00e4llt, hilft weiter durch die Welt. Vor einem Jahr [&hellip;]<\/p>\n","protected":false},"author":4,"featured_media":0,"comment_status":"open","ping_status":"open","sticky":false,"template":"","format":"standard","meta":{"footnotes":""},"categories":[1],"tags":[],"class_list":["post-4315","post","type-post","status-publish","format-standard","hentry","category-allgemein"],"_links":{"self":[{"href":"http:\/\/grundschule-am-papenberg.de\/index.php?rest_route=\/wp\/v2\/posts\/4315","targetHints":{"allow":["GET"]}}],"collection":[{"href":"http:\/\/grundschule-am-papenberg.de\/index.php?rest_route=\/wp\/v2\/posts"}],"about":[{"href":"http:\/\/grundschule-am-papenberg.de\/index.php?rest_route=\/wp\/v2\/types\/post"}],"author":[{"embeddable":true,"href":"http:\/\/grundschule-am-papenberg.de\/index.php?rest_route=\/wp\/v2\/users\/4"}],"replies":[{"embeddable":true,"href":"http:\/\/grundschule-am-papenberg.de\/index.php?rest_route=%2Fwp%2Fv2%2Fcomments&post=4315"}],"version-history":[{"count":3,"href":"http:\/\/grundschule-am-papenberg.de\/index.php?rest_route=\/wp\/v2\/posts\/4315\/revisions"}],"predecessor-version":[{"id":5873,"href":"http:\/\/grundschule-am-papenberg.de\/index.php?rest_route=\/wp\/v2\/posts\/4315\/revisions\/5873"}],"wp:attachment":[{"href":"http:\/\/grundschule-am-papenberg.de\/index.php?rest_route=%2Fwp%2Fv2%2Fmedia&parent=4315"}],"wp:term":[{"taxonomy":"category","embeddable":true,"href":"http:\/\/grundschule-am-papenberg.de\/index.php?rest_route=%2Fwp%2Fv2%2Fcategories&post=4315"},{"taxonomy":"post_tag","embeddable":true,"href":"http:\/\/grundschule-am-papenberg.de\/index.php?rest_route=%2Fwp%2Fv2%2Ftags&post=4315"}],"curies":[{"name":"wp","href":"https:\/\/api.w.org\/{rel}","templated":true}]}}